{"id":1608,"date":"2021-04-20T01:49:07","date_gmt":"2021-04-20T04:49:07","guid":{"rendered":"http:\/\/nativainfo.com\/?p=1608"},"modified":"2021-04-20T01:49:07","modified_gmt":"2021-04-20T04:49:07","slug":"gabriel-deck-con-fecha-confirmada-para-viajar-a-estados-unidos-y-debutar-en-la-nba","status":"publish","type":"post","link":"https:\/\/nativainfo.com\/?p=1608","title":{"rendered":"Gabriel Deck, con fecha confirmada para viajar a Estados Unidos y debutar en la NBA"},"content":{"rendered":"\n<p><strong>El alero santiague\u00f1o se sumar\u00e1 a Oklahoma City Thunder para terminar la temporada y comenzar con una nueva etapa en su carrera.<\/strong><\/p>\n\n\n\n<figure class=\"wp-block-image size-large\"><img fetchpriority=\"high\" decoding=\"async\" width=\"1010\" height=\"567\" src=\"http:\/\/nativainfo.com\/wp-content\/uploads\/2021\/04\/1010x567_gabriel-deck-380167-161100.jpg\" alt=\"\" class=\"wp-image-1610\" srcset=\"https:\/\/nativainfo.com\/wp-content\/uploads\/2021\/04\/1010x567_gabriel-deck-380167-161100.jpg 1010w, https:\/\/nativainfo.com\/wp-content\/uploads\/2021\/04\/1010x567_gabriel-deck-380167-161100-300x168.jpg 300w, https:\/\/nativainfo.com\/wp-content\/uploads\/2021\/04\/1010x567_gabriel-deck-380167-161100-768x431.jpg 768w, https:\/\/nativainfo.com\/wp-content\/uploads\/2021\/04\/1010x567_gabriel-deck-380167-161100-623x350.jpg 623w, https:\/\/nativainfo.com\/wp-content\/uploads\/2021\/04\/1010x567_gabriel-deck-380167-161100-150x84.jpg 150w\" sizes=\"(max-width: 1010px) 100vw, 1010px\" \/><\/figure>\n\n\n\n<p><strong>Gabriel Deck<\/strong>&nbsp;viajar\u00e1 el mi\u00e9rcoles rumbo a los&nbsp;<strong>Estados Unidos<\/strong>&nbsp;para integrarse en forma definitiva a&nbsp;<strong>Oklahoma City Thunder<\/strong>, franquicia de la&nbsp;<strong>NBA&nbsp;<\/strong>de b\u00e1squetbol que prev\u00e9 contratarlo por las pr\u00f3ximas cuatro temporadas.<\/p>\n\n\n\n<p>El jugador santiague\u00f1o, de 26 a\u00f1os, dejar\u00e1 la ciudad de Madrid, donde todav\u00eda se encuentra residiendo, y emprender\u00e1 vuelo hacia los Estados Unidos&nbsp;<em>\u201cel mi\u00e9rcoles por la ma\u00f1ana\u201d<\/em>, seg\u00fan anticip\u00f3 el equipo de comunicaci\u00f3n del ex Real Madrid.<\/p>\n\n\n\n<p>Cuando arribe a la ciudad de&nbsp;<strong>Oklahoma<\/strong>, el basquetbolista que jug\u00f3 en&nbsp;<strong>Quimsa&nbsp;<\/strong>y&nbsp;<strong>San Lorenzo&nbsp;<\/strong><em><strong>\u201cdeber\u00e1 cumplir con unos d\u00edas de aislamiento por protocolo\u201d<\/strong><\/em>, antes de integrarse al conjunto que dirige el DT&nbsp;<strong>Mark Daigneault<\/strong>.<\/p>\n\n\n\n<p>Una vez en los Estados Unidos,\u00a0<strong>Deck\u00a0<\/strong>se someter\u00e1 a los ex\u00e1menes m\u00e9dicos de rigor para empezar a entrenarse junto con el plantel.<\/p>\n\n\n\n<p>Fuente: Diario Panorama<\/p>\n","protected":false},"excerpt":{"rendered":"<p>El alero santiague\u00f1o se sumar\u00e1 a Oklahoma City Thunder para terminar la temporada y comenzar con una nueva etapa en&#8230; <a class=\"continue-reading-link\" href=\"https:\/\/nativainfo.com\/?p=1608\">Continue reading<\/a><\/p>\n","protected":false},"author":1,"featured_media":0,"comment_status":"open","ping_status":"open","sticky":false,"template":"","format":"standard","meta":{"rop_custom_images_group":[],"rop_custom_messages_group":[],"rop_publish_now":"initial","rop_publish_now_accounts":[],"rop_publish_now_history":[],"rop_publish_now_status":"pending","footnotes":"","jetpack_publicize_message":"","jetpack_publicize_feature_enabled":true,"jetpack_social_post_already_shared":false,"jetpack_social_options":{"image_generator_settings":{"template":"highway","default_image_id":0,"font":"","enabled":false},"version":2}},"categories":[45,32],"tags":[],"class_list":["post-1608","post","type-post","status-publish","format-standard","hentry","category-basquet-2","category-nba"],"yoast_head":"<!-- This site is optimized with the Yoast SEO plugin v25.6 - https:\/\/yoast.com\/wordpress\/plugins\/seo\/ -->\n<title>Gabriel Deck, con fecha confirmada para viajar a Estados Unidos y debutar en la NBA - Nativa Info<\/title>\n<meta name=\"robots\" content=\"index, follow, max-snippet:-1, max-image-preview:large, max-video-preview:-1\" \/>\n<link rel=\"canonical\" href=\"https:\/\/nativainfo.com\/?p=1608\" \/>\n<meta property=\"og:locale\" content=\"es_ES\" \/>\n<meta property=\"og:type\" content=\"article\" \/>\n<meta property=\"og:title\" content=\"Gabriel Deck, con fecha confirmada para viajar a Estados Unidos y debutar en la NBA - Nativa Info\" \/>\n<meta property=\"og:description\" content=\"El alero santiague\u00f1o se sumar\u00e1 a Oklahoma City Thunder para terminar la temporada y comenzar con una nueva etapa en... Continue reading\" \/>\n<meta property=\"og:url\" content=\"https:\/\/nativainfo.com\/?p=1608\" \/>\n<meta property=\"og:site_name\" content=\"Nativa Info\" \/>\n<meta property=\"article:publisher\" content=\"https:\/\/www.facebook.com\/profile.php?id=61578881597564\" \/>\n<meta property=\"article:published_time\" content=\"2021-04-20T04:49:07+00:00\" \/>\n<meta property=\"og:image\" content=\"http:\/\/nativainfo.com\/wp-content\/uploads\/2021\/04\/1010x567_gabriel-deck-380167-161100.jpg\" \/>\n<meta name=\"author\" content=\"Nativa Info\" \/>\n<meta name=\"twitter:card\" content=\"summary_large_image\" \/>\n<meta name=\"twitter:label1\" content=\"Escrito por\" \/>\n\t<meta name=\"twitter:data1\" content=\"Nativa Info\" \/>\n\t<meta name=\"twitter:label2\" content=\"Tiempo de lectura\" \/>\n\t<meta name=\"twitter:data2\" content=\"1 minuto\" \/>\n<script type=\"application\/ld+json\" class=\"yoast-schema-graph\">{\"@context\":\"https:\/\/schema.org\",\"@graph\":[{\"@type\":\"Article\",\"@id\":\"https:\/\/nativainfo.com\/?p=1608#article\",\"isPartOf\":{\"@id\":\"https:\/\/nativainfo.com\/?p=1608\"},\"author\":{\"name\":\"Nativa Info\",\"@id\":\"https:\/\/nativainfo.com\/#\/schema\/person\/24893b64a9cd564ddb5d102d36eb4b5c\"},\"headline\":\"Gabriel Deck, con fecha confirmada para viajar a Estados Unidos y debutar en la NBA\",\"datePublished\":\"2021-04-20T04:49:07+00:00\",\"mainEntityOfPage\":{\"@id\":\"https:\/\/nativainfo.com\/?p=1608\"},\"wordCount\":196,\"commentCount\":0,\"publisher\":{\"@id\":\"https:\/\/nativainfo.com\/#organization\"},\"image\":{\"@id\":\"https:\/\/nativainfo.com\/?p=1608#primaryimage\"},\"thumbnailUrl\":\"http:\/\/nativainfo.com\/wp-content\/uploads\/2021\/04\/1010x567_gabriel-deck-380167-161100.jpg\",\"articleSection\":[\"B\u00e1squet\",\"NBA\"],\"inLanguage\":\"es-AR\",\"potentialAction\":[{\"@type\":\"CommentAction\",\"name\":\"Comment\",\"target\":[\"https:\/\/nativainfo.com\/?p=1608#respond\"]}]},{\"@type\":\"WebPage\",\"@id\":\"https:\/\/nativainfo.com\/?p=1608\",\"url\":\"https:\/\/nativainfo.com\/?p=1608\",\"name\":\"Gabriel Deck, con fecha confirmada para viajar a Estados Unidos y debutar en la NBA - Nativa Info\",\"isPartOf\":{\"@id\":\"https:\/\/nativainfo.com\/#website\"},\"primaryImageOfPage\":{\"@id\":\"https:\/\/nativainfo.com\/?p=1608#primaryimage\"},\"image\":{\"@id\":\"https:\/\/nativainfo.com\/?p=1608#primaryimage\"},\"thumbnailUrl\":\"http:\/\/nativainfo.com\/wp-content\/uploads\/2021\/04\/1010x567_gabriel-deck-380167-161100.jpg\",\"datePublished\":\"2021-04-20T04:49:07+00:00\",\"breadcrumb\":{\"@id\":\"https:\/\/nativainfo.com\/?p=1608#breadcrumb\"},\"inLanguage\":\"es-AR\",\"potentialAction\":[{\"@type\":\"ReadAction\",\"target\":[\"https:\/\/nativainfo.com\/?p=1608\"]}]},{\"@type\":\"ImageObject\",\"inLanguage\":\"es-AR\",\"@id\":\"https:\/\/nativainfo.com\/?p=1608#primaryimage\",\"url\":\"https:\/\/nativainfo.com\/wp-content\/uploads\/2021\/04\/1010x567_gabriel-deck-380167-161100.jpg\",\"contentUrl\":\"https:\/\/nativainfo.com\/wp-content\/uploads\/2021\/04\/1010x567_gabriel-deck-380167-161100.jpg\",\"width\":1010,\"height\":567},{\"@type\":\"BreadcrumbList\",\"@id\":\"https:\/\/nativainfo.com\/?p=1608#breadcrumb\",\"itemListElement\":[{\"@type\":\"ListItem\",\"position\":1,\"name\":\"Inicio\",\"item\":\"https:\/\/nativainfo.com\/\"},{\"@type\":\"ListItem\",\"position\":2,\"name\":\"Gabriel Deck, con fecha confirmada para viajar a Estados Unidos y debutar en la NBA\"}]},{\"@type\":\"WebSite\",\"@id\":\"https:\/\/nativainfo.com\/#website\",\"url\":\"https:\/\/nativainfo.com\/\",\"name\":\"Nativa Info\",\"description\":\"Diario Digital\",\"publisher\":{\"@id\":\"https:\/\/nativainfo.com\/#organization\"},\"potentialAction\":[{\"@type\":\"SearchAction\",\"target\":{\"@type\":\"EntryPoint\",\"urlTemplate\":\"https:\/\/nativainfo.com\/?s={search_term_string}\"},\"query-input\":{\"@type\":\"PropertyValueSpecification\",\"valueRequired\":true,\"valueName\":\"search_term_string\"}}],\"inLanguage\":\"es-AR\"},{\"@type\":\"Organization\",\"@id\":\"https:\/\/nativainfo.com\/#organization\",\"name\":\"Nativa Info\",\"url\":\"https:\/\/nativainfo.com\/\",\"logo\":{\"@type\":\"ImageObject\",\"inLanguage\":\"es-AR\",\"@id\":\"https:\/\/nativainfo.com\/#\/schema\/logo\/image\/\",\"url\":\"https:\/\/nativainfo.com\/wp-content\/uploads\/2025\/08\/LOGO-NATIVA-FACE.jpg\",\"contentUrl\":\"https:\/\/nativainfo.com\/wp-content\/uploads\/2025\/08\/LOGO-NATIVA-FACE.jpg\",\"width\":400,\"height\":400,\"caption\":\"Nativa Info\"},\"image\":{\"@id\":\"https:\/\/nativainfo.com\/#\/schema\/logo\/image\/\"},\"sameAs\":[\"https:\/\/www.facebook.com\/profile.php?id=61578881597564\"]},{\"@type\":\"Person\",\"@id\":\"https:\/\/nativainfo.com\/#\/schema\/person\/24893b64a9cd564ddb5d102d36eb4b5c\",\"name\":\"Nativa Info\",\"image\":{\"@type\":\"ImageObject\",\"inLanguage\":\"es-AR\",\"@id\":\"https:\/\/nativainfo.com\/#\/schema\/person\/image\/\",\"url\":\"https:\/\/secure.gravatar.com\/avatar\/016fa1cf068d85136d938e1507b9b619cb766e2565cbb1faa1e571762460c785?s=96&d=mm&r=g\",\"contentUrl\":\"https:\/\/secure.gravatar.com\/avatar\/016fa1cf068d85136d938e1507b9b619cb766e2565cbb1faa1e571762460c785?s=96&d=mm&r=g\",\"caption\":\"Nativa Info\"},\"sameAs\":[\"http:\/\/nativainfo.com\"],\"url\":\"https:\/\/nativainfo.com\/?author=1\"}]}<\/script>\n<!-- \/ Yoast SEO plugin. -->","yoast_head_json":{"title":"Gabriel Deck, con fecha confirmada para viajar a Estados Unidos y debutar en la NBA - Nativa Info","robots":{"index":"index","follow":"follow","max-snippet":"max-snippet:-1","max-image-preview":"max-image-preview:large","max-video-preview":"max-video-preview:-1"},"canonical":"https:\/\/nativainfo.com\/?p=1608","og_locale":"es_ES","og_type":"article","og_title":"Gabriel Deck, con fecha confirmada para viajar a Estados Unidos y debutar en la NBA - Nativa Info","og_description":"El alero santiague\u00f1o se sumar\u00e1 a Oklahoma City Thunder para terminar la temporada y comenzar con una nueva etapa en... Continue reading","og_url":"https:\/\/nativainfo.com\/?p=1608","og_site_name":"Nativa Info","article_publisher":"https:\/\/www.facebook.com\/profile.php?id=61578881597564","article_published_time":"2021-04-20T04:49:07+00:00","og_image":[{"url":"http:\/\/nativainfo.com\/wp-content\/uploads\/2021\/04\/1010x567_gabriel-deck-380167-161100.jpg","type":"","width":"","height":""}],"author":"Nativa Info","twitter_card":"summary_large_image","twitter_misc":{"Escrito por":"Nativa Info","Tiempo de lectura":"1 minuto"},"schema":{"@context":"https:\/\/schema.org","@graph":[{"@type":"Article","@id":"https:\/\/nativainfo.com\/?p=1608#article","isPartOf":{"@id":"https:\/\/nativainfo.com\/?p=1608"},"author":{"name":"Nativa Info","@id":"https:\/\/nativainfo.com\/#\/schema\/person\/24893b64a9cd564ddb5d102d36eb4b5c"},"headline":"Gabriel Deck, con fecha confirmada para viajar a Estados Unidos y debutar en la NBA","datePublished":"2021-04-20T04:49:07+00:00","mainEntityOfPage":{"@id":"https:\/\/nativainfo.com\/?p=1608"},"wordCount":196,"commentCount":0,"publisher":{"@id":"https:\/\/nativainfo.com\/#organization"},"image":{"@id":"https:\/\/nativainfo.com\/?p=1608#primaryimage"},"thumbnailUrl":"http:\/\/nativainfo.com\/wp-content\/uploads\/2021\/04\/1010x567_gabriel-deck-380167-161100.jpg","articleSection":["B\u00e1squet","NBA"],"inLanguage":"es-AR","potentialAction":[{"@type":"CommentAction","name":"Comment","target":["https:\/\/nativainfo.com\/?p=1608#respond"]}]},{"@type":"WebPage","@id":"https:\/\/nativainfo.com\/?p=1608","url":"https:\/\/nativainfo.com\/?p=1608","name":"Gabriel Deck, con fecha confirmada para viajar a Estados Unidos y debutar en la NBA - Nativa Info","isPartOf":{"@id":"https:\/\/nativainfo.com\/#website"},"primaryImageOfPage":{"@id":"https:\/\/nativainfo.com\/?p=1608#primaryimage"},"image":{"@id":"https:\/\/nativainfo.com\/?p=1608#primaryimage"},"thumbnailUrl":"http:\/\/nativainfo.com\/wp-content\/uploads\/2021\/04\/1010x567_gabriel-deck-380167-161100.jpg","datePublished":"2021-04-20T04:49:07+00:00","breadcrumb":{"@id":"https:\/\/nativainfo.com\/?p=1608#breadcrumb"},"inLanguage":"es-AR","potentialAction":[{"@type":"ReadAction","target":["https:\/\/nativainfo.com\/?p=1608"]}]},{"@type":"ImageObject","inLanguage":"es-AR","@id":"https:\/\/nativainfo.com\/?p=1608#primaryimage","url":"https:\/\/nativainfo.com\/wp-content\/uploads\/2021\/04\/1010x567_gabriel-deck-380167-161100.jpg","contentUrl":"https:\/\/nativainfo.com\/wp-content\/uploads\/2021\/04\/1010x567_gabriel-deck-380167-161100.jpg","width":1010,"height":567},{"@type":"BreadcrumbList","@id":"https:\/\/nativainfo.com\/?p=1608#breadcrumb","itemListElement":[{"@type":"ListItem","position":1,"name":"Inicio","item":"https:\/\/nativainfo.com\/"},{"@type":"ListItem","position":2,"name":"Gabriel Deck, con fecha confirmada para viajar a Estados Unidos y debutar en la NBA"}]},{"@type":"WebSite","@id":"https:\/\/nativainfo.com\/#website","url":"https:\/\/nativainfo.com\/","name":"Nativa Info","description":"Diario Digital","publisher":{"@id":"https:\/\/nativainfo.com\/#organization"},"potentialAction":[{"@type":"SearchAction","target":{"@type":"EntryPoint","urlTemplate":"https:\/\/nativainfo.com\/?s={search_term_string}"},"query-input":{"@type":"PropertyValueSpecification","valueRequired":true,"valueName":"search_term_string"}}],"inLanguage":"es-AR"},{"@type":"Organization","@id":"https:\/\/nativainfo.com\/#organization","name":"Nativa Info","url":"https:\/\/nativainfo.com\/","logo":{"@type":"ImageObject","inLanguage":"es-AR","@id":"https:\/\/nativainfo.com\/#\/schema\/logo\/image\/","url":"https:\/\/nativainfo.com\/wp-content\/uploads\/2025\/08\/LOGO-NATIVA-FACE.jpg","contentUrl":"https:\/\/nativainfo.com\/wp-content\/uploads\/2025\/08\/LOGO-NATIVA-FACE.jpg","width":400,"height":400,"caption":"Nativa Info"},"image":{"@id":"https:\/\/nativainfo.com\/#\/schema\/logo\/image\/"},"sameAs":["https:\/\/www.facebook.com\/profile.php?id=61578881597564"]},{"@type":"Person","@id":"https:\/\/nativainfo.com\/#\/schema\/person\/24893b64a9cd564ddb5d102d36eb4b5c","name":"Nativa Info","image":{"@type":"ImageObject","inLanguage":"es-AR","@id":"https:\/\/nativainfo.com\/#\/schema\/person\/image\/","url":"https:\/\/secure.gravatar.com\/avatar\/016fa1cf068d85136d938e1507b9b619cb766e2565cbb1faa1e571762460c785?s=96&d=mm&r=g","contentUrl":"https:\/\/secure.gravatar.com\/avatar\/016fa1cf068d85136d938e1507b9b619cb766e2565cbb1faa1e571762460c785?s=96&d=mm&r=g","caption":"Nativa Info"},"sameAs":["http:\/\/nativainfo.com"],"url":"https:\/\/nativainfo.com\/?author=1"}]}},"jetpack_publicize_connections":[],"_links":{"self":[{"href":"https:\/\/nativainfo.com\/index.php?rest_route=\/wp\/v2\/posts\/1608","targetHints":{"allow":["GET"]}}],"collection":[{"href":"https:\/\/nativainfo.com\/index.php?rest_route=\/wp\/v2\/posts"}],"about":[{"href":"https:\/\/nativainfo.com\/index.php?rest_route=\/wp\/v2\/types\/post"}],"author":[{"embeddable":true,"href":"https:\/\/nativainfo.com\/index.php?rest_route=\/wp\/v2\/users\/1"}],"replies":[{"embeddable":true,"href":"https:\/\/nativainfo.com\/index.php?rest_route=%2Fwp%2Fv2%2Fcomments&post=1608"}],"version-history":[{"count":1,"href":"https:\/\/nativainfo.com\/index.php?rest_route=\/wp\/v2\/posts\/1608\/revisions"}],"predecessor-version":[{"id":1611,"href":"https:\/\/nativainfo.com\/index.php?rest_route=\/wp\/v2\/posts\/1608\/revisions\/1611"}],"wp:attachment":[{"href":"https:\/\/nativainfo.com\/index.php?rest_route=%2Fwp%2Fv2%2Fmedia&parent=1608"}],"wp:term":[{"taxonomy":"category","embeddable":true,"href":"https:\/\/nativainfo.com\/index.php?rest_route=%2Fwp%2Fv2%2Fcategories&post=1608"},{"taxonomy":"post_tag","embeddable":true,"href":"https:\/\/nativainfo.com\/index.php?rest_route=%2Fwp%2Fv2%2Ftags&post=1608"}],"curies":[{"name":"wp","href":"https:\/\/api.w.org\/{rel}","templated":true}]}}