{"id":1583,"date":"2021-04-12T05:18:14","date_gmt":"2021-04-12T08:18:14","guid":{"rendered":"http:\/\/nativainfo.com\/?p=1583"},"modified":"2021-04-12T05:18:14","modified_gmt":"2021-04-12T08:18:14","slug":"el-especial-de-friends-tiene-fecha-confirmada-de-grabacion","status":"publish","type":"post","link":"https:\/\/nativainfo.com\/?p=1583","title":{"rendered":"El especial de \u201cFriends\u201d tiene fecha confirmada de grabaci\u00f3n"},"content":{"rendered":"\n<p>Matthew Perry, Jennifer Aniston, Courteney Cox, Lisa Kudrow, David Schwimmer y Matt LeBlanc se reunir\u00e1n en el estudio Warner Bros, en Burbank, Los \u00c1ngeles<\/p>\n\n\n\n<figure class=\"wp-block-image size-large\"><img fetchpriority=\"high\" decoding=\"async\" width=\"992\" height=\"558\" src=\"http:\/\/nativainfo.com\/wp-content\/uploads\/2021\/04\/2ILCT7ANK5CI7OBZA2SD47R5IM.jpg\" alt=\"\" class=\"wp-image-1587\" srcset=\"https:\/\/nativainfo.com\/wp-content\/uploads\/2021\/04\/2ILCT7ANK5CI7OBZA2SD47R5IM.jpg 992w, https:\/\/nativainfo.com\/wp-content\/uploads\/2021\/04\/2ILCT7ANK5CI7OBZA2SD47R5IM-300x169.jpg 300w, https:\/\/nativainfo.com\/wp-content\/uploads\/2021\/04\/2ILCT7ANK5CI7OBZA2SD47R5IM-768x432.jpg 768w, https:\/\/nativainfo.com\/wp-content\/uploads\/2021\/04\/2ILCT7ANK5CI7OBZA2SD47R5IM-622x350.jpg 622w, https:\/\/nativainfo.com\/wp-content\/uploads\/2021\/04\/2ILCT7ANK5CI7OBZA2SD47R5IM-150x84.jpg 150w\" sizes=\"(max-width: 992px) 100vw, 992px\" \/><\/figure>\n\n\n\n<p>El esperado especial de&nbsp;<strong>Friends<\/strong>&nbsp;iba a estrenarse en marzo de 2020 pero la pandemia de coronavirus oblig\u00f3 a aplazar los planes. Finalmente, fuentes familiarizadas confirmaron a&nbsp;<em>Deadline<\/em>&nbsp;queel encuentro que se ver\u00e1 por&nbsp;<em>HBO Max<\/em>&nbsp;<strong>se grabar\u00e1 la semana que viene en Los \u00c1ngeles<\/strong>.<\/p>\n\n\n\n<p>Por el momento, desde la se\u00f1al se negaron a hacer comentarios. La reuni\u00f3n -ser\u00e1 un episodio especial no ficticio- contar\u00e1 con la presencia de los actores&nbsp;<strong>Matthew Perry, Jennifer Aniston, Courteney Cox, Lisa Kudrow, David Schwimmer y Matt LeBlanc<\/strong>.<\/p>\n\n\n\n<p>Volver\u00e1n al set original de la serie en el lote del\u00a0<strong>estudio Warner Bros, en Burbank<\/strong>, para hablar de la popular serie que los hizo mundialmente famosos.<\/p>\n\n\n\n<p>Fuente: Infobae<\/p>\n","protected":false},"excerpt":{"rendered":"<p>Matthew Perry, Jennifer Aniston, Courteney Cox, Lisa Kudrow, David Schwimmer y Matt LeBlanc se reunir\u00e1n en el estudio Warner Bros,&#8230; <a class=\"continue-reading-link\" href=\"https:\/\/nativainfo.com\/?p=1583\">Continue reading<\/a><\/p>\n","protected":false},"author":1,"featured_media":0,"comment_status":"open","ping_status":"open","sticky":false,"template":"","format":"standard","meta":{"rop_custom_images_group":[],"rop_custom_messages_group":[],"rop_publish_now":"initial","rop_publish_now_accounts":[],"rop_publish_now_history":[],"rop_publish_now_status":"pending","footnotes":"","jetpack_publicize_message":"","jetpack_publicize_feature_enabled":true,"jetpack_social_post_already_shared":false,"jetpack_social_options":{"image_generator_settings":{"template":"highway","default_image_id":0,"font":"","enabled":false},"version":2}},"categories":[56,8,30],"tags":[],"class_list":["post-1583","post","type-post","status-publish","format-standard","hentry","category-espectaculo","category-noticias","category-television"],"yoast_head":"<!-- This site is optimized with the Yoast SEO plugin v25.6 - https:\/\/yoast.com\/wordpress\/plugins\/seo\/ -->\n<title>El especial de \u201cFriends\u201d tiene fecha confirmada de grabaci\u00f3n - Nativa Info<\/title>\n<meta name=\"robots\" content=\"index, follow, max-snippet:-1, max-image-preview:large, max-video-preview:-1\" \/>\n<link rel=\"canonical\" href=\"https:\/\/nativainfo.com\/?p=1583\" \/>\n<meta property=\"og:locale\" content=\"es_ES\" \/>\n<meta property=\"og:type\" content=\"article\" \/>\n<meta property=\"og:title\" content=\"El especial de \u201cFriends\u201d tiene fecha confirmada de grabaci\u00f3n - Nativa Info\" \/>\n<meta property=\"og:description\" content=\"Matthew Perry, Jennifer Aniston, Courteney Cox, Lisa Kudrow, David Schwimmer y Matt LeBlanc se reunir\u00e1n en el estudio Warner Bros,... Continue reading\" \/>\n<meta property=\"og:url\" content=\"https:\/\/nativainfo.com\/?p=1583\" \/>\n<meta property=\"og:site_name\" content=\"Nativa Info\" \/>\n<meta property=\"article:publisher\" content=\"https:\/\/www.facebook.com\/profile.php?id=61578881597564\" \/>\n<meta property=\"article:published_time\" content=\"2021-04-12T08:18:14+00:00\" \/>\n<meta property=\"og:image\" content=\"http:\/\/nativainfo.com\/wp-content\/uploads\/2021\/04\/2ILCT7ANK5CI7OBZA2SD47R5IM.jpg\" \/>\n<meta name=\"author\" content=\"Nativa Info\" \/>\n<meta name=\"twitter:card\" content=\"summary_large_image\" \/>\n<meta name=\"twitter:label1\" content=\"Escrito por\" \/>\n\t<meta name=\"twitter:data1\" content=\"Nativa Info\" \/>\n\t<meta name=\"twitter:label2\" content=\"Tiempo de lectura\" \/>\n\t<meta name=\"twitter:data2\" content=\"1 minuto\" \/>\n<script type=\"application\/ld+json\" class=\"yoast-schema-graph\">{\"@context\":\"https:\/\/schema.org\",\"@graph\":[{\"@type\":\"Article\",\"@id\":\"https:\/\/nativainfo.com\/?p=1583#article\",\"isPartOf\":{\"@id\":\"https:\/\/nativainfo.com\/?p=1583\"},\"author\":{\"name\":\"Nativa Info\",\"@id\":\"https:\/\/nativainfo.com\/#\/schema\/person\/24893b64a9cd564ddb5d102d36eb4b5c\"},\"headline\":\"El especial de \u201cFriends\u201d tiene fecha confirmada de grabaci\u00f3n\",\"datePublished\":\"2021-04-12T08:18:14+00:00\",\"mainEntityOfPage\":{\"@id\":\"https:\/\/nativainfo.com\/?p=1583\"},\"wordCount\":157,\"commentCount\":0,\"publisher\":{\"@id\":\"https:\/\/nativainfo.com\/#organization\"},\"image\":{\"@id\":\"https:\/\/nativainfo.com\/?p=1583#primaryimage\"},\"thumbnailUrl\":\"http:\/\/nativainfo.com\/wp-content\/uploads\/2021\/04\/2ILCT7ANK5CI7OBZA2SD47R5IM.jpg\",\"articleSection\":[\"Espect\u00e1culo\",\"Noticias\",\"Televisi\u00f3n\"],\"inLanguage\":\"es-AR\",\"potentialAction\":[{\"@type\":\"CommentAction\",\"name\":\"Comment\",\"target\":[\"https:\/\/nativainfo.com\/?p=1583#respond\"]}]},{\"@type\":\"WebPage\",\"@id\":\"https:\/\/nativainfo.com\/?p=1583\",\"url\":\"https:\/\/nativainfo.com\/?p=1583\",\"name\":\"El especial de \u201cFriends\u201d tiene fecha confirmada de grabaci\u00f3n - Nativa Info\",\"isPartOf\":{\"@id\":\"https:\/\/nativainfo.com\/#website\"},\"primaryImageOfPage\":{\"@id\":\"https:\/\/nativainfo.com\/?p=1583#primaryimage\"},\"image\":{\"@id\":\"https:\/\/nativainfo.com\/?p=1583#primaryimage\"},\"thumbnailUrl\":\"http:\/\/nativainfo.com\/wp-content\/uploads\/2021\/04\/2ILCT7ANK5CI7OBZA2SD47R5IM.jpg\",\"datePublished\":\"2021-04-12T08:18:14+00:00\",\"breadcrumb\":{\"@id\":\"https:\/\/nativainfo.com\/?p=1583#breadcrumb\"},\"inLanguage\":\"es-AR\",\"potentialAction\":[{\"@type\":\"ReadAction\",\"target\":[\"https:\/\/nativainfo.com\/?p=1583\"]}]},{\"@type\":\"ImageObject\",\"inLanguage\":\"es-AR\",\"@id\":\"https:\/\/nativainfo.com\/?p=1583#primaryimage\",\"url\":\"https:\/\/nativainfo.com\/wp-content\/uploads\/2021\/04\/2ILCT7ANK5CI7OBZA2SD47R5IM.jpg\",\"contentUrl\":\"https:\/\/nativainfo.com\/wp-content\/uploads\/2021\/04\/2ILCT7ANK5CI7OBZA2SD47R5IM.jpg\",\"width\":992,\"height\":558},{\"@type\":\"BreadcrumbList\",\"@id\":\"https:\/\/nativainfo.com\/?p=1583#breadcrumb\",\"itemListElement\":[{\"@type\":\"ListItem\",\"position\":1,\"name\":\"Inicio\",\"item\":\"https:\/\/nativainfo.com\/\"},{\"@type\":\"ListItem\",\"position\":2,\"name\":\"El especial de \u201cFriends\u201d tiene fecha confirmada de grabaci\u00f3n\"}]},{\"@type\":\"WebSite\",\"@id\":\"https:\/\/nativainfo.com\/#website\",\"url\":\"https:\/\/nativainfo.com\/\",\"name\":\"Nativa Info\",\"description\":\"Diario Digital\",\"publisher\":{\"@id\":\"https:\/\/nativainfo.com\/#organization\"},\"potentialAction\":[{\"@type\":\"SearchAction\",\"target\":{\"@type\":\"EntryPoint\",\"urlTemplate\":\"https:\/\/nativainfo.com\/?s={search_term_string}\"},\"query-input\":{\"@type\":\"PropertyValueSpecification\",\"valueRequired\":true,\"valueName\":\"search_term_string\"}}],\"inLanguage\":\"es-AR\"},{\"@type\":\"Organization\",\"@id\":\"https:\/\/nativainfo.com\/#organization\",\"name\":\"Nativa Info\",\"url\":\"https:\/\/nativainfo.com\/\",\"logo\":{\"@type\":\"ImageObject\",\"inLanguage\":\"es-AR\",\"@id\":\"https:\/\/nativainfo.com\/#\/schema\/logo\/image\/\",\"url\":\"https:\/\/nativainfo.com\/wp-content\/uploads\/2025\/08\/LOGO-NATIVA-FACE.jpg\",\"contentUrl\":\"https:\/\/nativainfo.com\/wp-content\/uploads\/2025\/08\/LOGO-NATIVA-FACE.jpg\",\"width\":400,\"height\":400,\"caption\":\"Nativa Info\"},\"image\":{\"@id\":\"https:\/\/nativainfo.com\/#\/schema\/logo\/image\/\"},\"sameAs\":[\"https:\/\/www.facebook.com\/profile.php?id=61578881597564\"]},{\"@type\":\"Person\",\"@id\":\"https:\/\/nativainfo.com\/#\/schema\/person\/24893b64a9cd564ddb5d102d36eb4b5c\",\"name\":\"Nativa Info\",\"image\":{\"@type\":\"ImageObject\",\"inLanguage\":\"es-AR\",\"@id\":\"https:\/\/nativainfo.com\/#\/schema\/person\/image\/\",\"url\":\"https:\/\/secure.gravatar.com\/avatar\/016fa1cf068d85136d938e1507b9b619cb766e2565cbb1faa1e571762460c785?s=96&d=mm&r=g\",\"contentUrl\":\"https:\/\/secure.gravatar.com\/avatar\/016fa1cf068d85136d938e1507b9b619cb766e2565cbb1faa1e571762460c785?s=96&d=mm&r=g\",\"caption\":\"Nativa Info\"},\"sameAs\":[\"http:\/\/nativainfo.com\"],\"url\":\"https:\/\/nativainfo.com\/?author=1\"}]}<\/script>\n<!-- \/ Yoast SEO plugin. -->","yoast_head_json":{"title":"El especial de \u201cFriends\u201d tiene fecha confirmada de grabaci\u00f3n - Nativa Info","robots":{"index":"index","follow":"follow","max-snippet":"max-snippet:-1","max-image-preview":"max-image-preview:large","max-video-preview":"max-video-preview:-1"},"canonical":"https:\/\/nativainfo.com\/?p=1583","og_locale":"es_ES","og_type":"article","og_title":"El especial de \u201cFriends\u201d tiene fecha confirmada de grabaci\u00f3n - Nativa Info","og_description":"Matthew Perry, Jennifer Aniston, Courteney Cox, Lisa Kudrow, David Schwimmer y Matt LeBlanc se reunir\u00e1n en el estudio Warner Bros,... Continue reading","og_url":"https:\/\/nativainfo.com\/?p=1583","og_site_name":"Nativa Info","article_publisher":"https:\/\/www.facebook.com\/profile.php?id=61578881597564","article_published_time":"2021-04-12T08:18:14+00:00","og_image":[{"url":"http:\/\/nativainfo.com\/wp-content\/uploads\/2021\/04\/2ILCT7ANK5CI7OBZA2SD47R5IM.jpg","type":"","width":"","height":""}],"author":"Nativa Info","twitter_card":"summary_large_image","twitter_misc":{"Escrito por":"Nativa Info","Tiempo de lectura":"1 minuto"},"schema":{"@context":"https:\/\/schema.org","@graph":[{"@type":"Article","@id":"https:\/\/nativainfo.com\/?p=1583#article","isPartOf":{"@id":"https:\/\/nativainfo.com\/?p=1583"},"author":{"name":"Nativa Info","@id":"https:\/\/nativainfo.com\/#\/schema\/person\/24893b64a9cd564ddb5d102d36eb4b5c"},"headline":"El especial de \u201cFriends\u201d tiene fecha confirmada de grabaci\u00f3n","datePublished":"2021-04-12T08:18:14+00:00","mainEntityOfPage":{"@id":"https:\/\/nativainfo.com\/?p=1583"},"wordCount":157,"commentCount":0,"publisher":{"@id":"https:\/\/nativainfo.com\/#organization"},"image":{"@id":"https:\/\/nativainfo.com\/?p=1583#primaryimage"},"thumbnailUrl":"http:\/\/nativainfo.com\/wp-content\/uploads\/2021\/04\/2ILCT7ANK5CI7OBZA2SD47R5IM.jpg","articleSection":["Espect\u00e1culo","Noticias","Televisi\u00f3n"],"inLanguage":"es-AR","potentialAction":[{"@type":"CommentAction","name":"Comment","target":["https:\/\/nativainfo.com\/?p=1583#respond"]}]},{"@type":"WebPage","@id":"https:\/\/nativainfo.com\/?p=1583","url":"https:\/\/nativainfo.com\/?p=1583","name":"El especial de \u201cFriends\u201d tiene fecha confirmada de grabaci\u00f3n - Nativa Info","isPartOf":{"@id":"https:\/\/nativainfo.com\/#website"},"primaryImageOfPage":{"@id":"https:\/\/nativainfo.com\/?p=1583#primaryimage"},"image":{"@id":"https:\/\/nativainfo.com\/?p=1583#primaryimage"},"thumbnailUrl":"http:\/\/nativainfo.com\/wp-content\/uploads\/2021\/04\/2ILCT7ANK5CI7OBZA2SD47R5IM.jpg","datePublished":"2021-04-12T08:18:14+00:00","breadcrumb":{"@id":"https:\/\/nativainfo.com\/?p=1583#breadcrumb"},"inLanguage":"es-AR","potentialAction":[{"@type":"ReadAction","target":["https:\/\/nativainfo.com\/?p=1583"]}]},{"@type":"ImageObject","inLanguage":"es-AR","@id":"https:\/\/nativainfo.com\/?p=1583#primaryimage","url":"https:\/\/nativainfo.com\/wp-content\/uploads\/2021\/04\/2ILCT7ANK5CI7OBZA2SD47R5IM.jpg","contentUrl":"https:\/\/nativainfo.com\/wp-content\/uploads\/2021\/04\/2ILCT7ANK5CI7OBZA2SD47R5IM.jpg","width":992,"height":558},{"@type":"BreadcrumbList","@id":"https:\/\/nativainfo.com\/?p=1583#breadcrumb","itemListElement":[{"@type":"ListItem","position":1,"name":"Inicio","item":"https:\/\/nativainfo.com\/"},{"@type":"ListItem","position":2,"name":"El especial de \u201cFriends\u201d tiene fecha confirmada de grabaci\u00f3n"}]},{"@type":"WebSite","@id":"https:\/\/nativainfo.com\/#website","url":"https:\/\/nativainfo.com\/","name":"Nativa Info","description":"Diario Digital","publisher":{"@id":"https:\/\/nativainfo.com\/#organization"},"potentialAction":[{"@type":"SearchAction","target":{"@type":"EntryPoint","urlTemplate":"https:\/\/nativainfo.com\/?s={search_term_string}"},"query-input":{"@type":"PropertyValueSpecification","valueRequired":true,"valueName":"search_term_string"}}],"inLanguage":"es-AR"},{"@type":"Organization","@id":"https:\/\/nativainfo.com\/#organization","name":"Nativa Info","url":"https:\/\/nativainfo.com\/","logo":{"@type":"ImageObject","inLanguage":"es-AR","@id":"https:\/\/nativainfo.com\/#\/schema\/logo\/image\/","url":"https:\/\/nativainfo.com\/wp-content\/uploads\/2025\/08\/LOGO-NATIVA-FACE.jpg","contentUrl":"https:\/\/nativainfo.com\/wp-content\/uploads\/2025\/08\/LOGO-NATIVA-FACE.jpg","width":400,"height":400,"caption":"Nativa Info"},"image":{"@id":"https:\/\/nativainfo.com\/#\/schema\/logo\/image\/"},"sameAs":["https:\/\/www.facebook.com\/profile.php?id=61578881597564"]},{"@type":"Person","@id":"https:\/\/nativainfo.com\/#\/schema\/person\/24893b64a9cd564ddb5d102d36eb4b5c","name":"Nativa Info","image":{"@type":"ImageObject","inLanguage":"es-AR","@id":"https:\/\/nativainfo.com\/#\/schema\/person\/image\/","url":"https:\/\/secure.gravatar.com\/avatar\/016fa1cf068d85136d938e1507b9b619cb766e2565cbb1faa1e571762460c785?s=96&d=mm&r=g","contentUrl":"https:\/\/secure.gravatar.com\/avatar\/016fa1cf068d85136d938e1507b9b619cb766e2565cbb1faa1e571762460c785?s=96&d=mm&r=g","caption":"Nativa Info"},"sameAs":["http:\/\/nativainfo.com"],"url":"https:\/\/nativainfo.com\/?author=1"}]}},"jetpack_publicize_connections":[],"_links":{"self":[{"href":"https:\/\/nativainfo.com\/index.php?rest_route=\/wp\/v2\/posts\/1583","targetHints":{"allow":["GET"]}}],"collection":[{"href":"https:\/\/nativainfo.com\/index.php?rest_route=\/wp\/v2\/posts"}],"about":[{"href":"https:\/\/nativainfo.com\/index.php?rest_route=\/wp\/v2\/types\/post"}],"author":[{"embeddable":true,"href":"https:\/\/nativainfo.com\/index.php?rest_route=\/wp\/v2\/users\/1"}],"replies":[{"embeddable":true,"href":"https:\/\/nativainfo.com\/index.php?rest_route=%2Fwp%2Fv2%2Fcomments&post=1583"}],"version-history":[{"count":1,"href":"https:\/\/nativainfo.com\/index.php?rest_route=\/wp\/v2\/posts\/1583\/revisions"}],"predecessor-version":[{"id":1588,"href":"https:\/\/nativainfo.com\/index.php?rest_route=\/wp\/v2\/posts\/1583\/revisions\/1588"}],"wp:attachment":[{"href":"https:\/\/nativainfo.com\/index.php?rest_route=%2Fwp%2Fv2%2Fmedia&parent=1583"}],"wp:term":[{"taxonomy":"category","embeddable":true,"href":"https:\/\/nativainfo.com\/index.php?rest_route=%2Fwp%2Fv2%2Fcategories&post=1583"},{"taxonomy":"post_tag","embeddable":true,"href":"https:\/\/nativainfo.com\/index.php?rest_route=%2Fwp%2Fv2%2Ftags&post=1583"}],"curies":[{"name":"wp","href":"https:\/\/api.w.org\/{rel}","templated":true}]}}