{"id":1574,"date":"2021-04-11T02:59:41","date_gmt":"2021-04-11T05:59:41","guid":{"rendered":"http:\/\/nativainfo.com\/?p=1574"},"modified":"2021-04-11T02:59:41","modified_gmt":"2021-04-11T05:59:41","slug":"el-funeral-de-felipe-harry-viajara-a-londres-pero-meghan-se-quedara-en-ee-uu","status":"publish","type":"post","link":"https:\/\/nativainfo.com\/?p=1574","title":{"rendered":"El funeral de Felipe: Harry viajar\u00e1 a Londres, pero Meghan se quedar\u00e1 en EE.UU."},"content":{"rendered":"\n<p>Lo anunci\u00f3 el Palacio de Buckingham; en los funerales del Reino Unido no se permiten m\u00e1s de 30 personas por el coronavirus<\/p>\n\n\n\n<figure class=\"wp-block-image size-large\"><img fetchpriority=\"high\" decoding=\"async\" width=\"600\" height=\"506\" src=\"http:\/\/nativainfo.com\/wp-content\/uploads\/2021\/04\/duque-edimburgo-cordon-a.jpg\" alt=\"\" class=\"wp-image-1577\" srcset=\"https:\/\/nativainfo.com\/wp-content\/uploads\/2021\/04\/duque-edimburgo-cordon-a.jpg 600w, https:\/\/nativainfo.com\/wp-content\/uploads\/2021\/04\/duque-edimburgo-cordon-a-300x253.jpg 300w, https:\/\/nativainfo.com\/wp-content\/uploads\/2021\/04\/duque-edimburgo-cordon-a-415x350.jpg 415w, https:\/\/nativainfo.com\/wp-content\/uploads\/2021\/04\/duque-edimburgo-cordon-a-150x127.jpg 150w\" sizes=\"(max-width: 600px) 100vw, 600px\" \/><\/figure>\n\n\n\n<p>LONDRES.- En una ceremonia absolutamente \u00edntima, la familia real brit\u00e1nica despedir\u00e1 al pr\u00edncipe Felipe, esposo de Isabel II, el pr\u00f3ximo s\u00e1bado en un funeral en el castillo de Windsor,&nbsp;<strong>en presencia del pr\u00edncipe Harry, que viajar\u00e1 desde Estados Unidos pero sin su esposa, Meghan Markle (embarazada),<\/strong>&nbsp;anunci\u00f3 este s\u00e1bado el Palacio de Buckingham.<\/p>\n\n\n\n<p>Los funerales tendr\u00e1n lugar a las 15 en la capilla de San Jorge del castillo de Windsor, a unos 40 kil\u00f3metros al oeste de Londres, donde el duque de Edimburgo, fiel apoyo de la soberana durante siete d\u00e9cadas, muri\u00f3 \u201cpl\u00e1cidamente\u201d el viernes por la ma\u00f1ana, a los 99 a\u00f1os.<\/p>\n\n\n\n<p><strong>Solo 30 personas, incluyendo a sus cuatro hijos (Carlos, Ana, Andr\u00e9s y Eduardo), sus nietos y otros familiares,<\/strong>\u00a0podr\u00e1n asistir al funeral, a causa de las reglas impuestas por la pandemia de coronavirus.<\/p>\n\n\n\n<p>Fuente: La Naci\u00f3n<\/p>\n","protected":false},"excerpt":{"rendered":"<p>Lo anunci\u00f3 el Palacio de Buckingham; en los funerales del Reino Unido no se permiten m\u00e1s de 30 personas por&#8230; <a class=\"continue-reading-link\" href=\"https:\/\/nativainfo.com\/?p=1574\">Continue reading<\/a><\/p>\n","protected":false},"author":1,"featured_media":0,"comment_status":"open","ping_status":"open","sticky":false,"template":"","format":"standard","meta":{"rop_custom_images_group":[],"rop_custom_messages_group":[],"rop_publish_now":"initial","rop_publish_now_accounts":[],"rop_publish_now_history":[],"rop_publish_now_status":"pending","footnotes":"","jetpack_publicize_message":"","jetpack_publicize_feature_enabled":true,"jetpack_social_post_already_shared":false,"jetpack_social_options":{"image_generator_settings":{"template":"highway","default_image_id":0,"font":"","enabled":false},"version":2}},"categories":[11,8],"tags":[],"class_list":["post-1574","post","type-post","status-publish","format-standard","hentry","category-mundo","category-noticias"],"yoast_head":"<!-- This site is optimized with the Yoast SEO plugin v25.6 - https:\/\/yoast.com\/wordpress\/plugins\/seo\/ -->\n<title>El funeral de Felipe: Harry viajar\u00e1 a Londres, pero Meghan se quedar\u00e1 en EE.UU. - Nativa Info<\/title>\n<meta name=\"robots\" content=\"index, follow, max-snippet:-1, max-image-preview:large, max-video-preview:-1\" \/>\n<link rel=\"canonical\" href=\"https:\/\/nativainfo.com\/?p=1574\" \/>\n<meta property=\"og:locale\" content=\"es_ES\" \/>\n<meta property=\"og:type\" content=\"article\" \/>\n<meta property=\"og:title\" content=\"El funeral de Felipe: Harry viajar\u00e1 a Londres, pero Meghan se quedar\u00e1 en EE.UU. - Nativa Info\" \/>\n<meta property=\"og:description\" content=\"Lo anunci\u00f3 el Palacio de Buckingham; en los funerales del Reino Unido no se permiten m\u00e1s de 30 personas por... Continue reading\" \/>\n<meta property=\"og:url\" content=\"https:\/\/nativainfo.com\/?p=1574\" \/>\n<meta property=\"og:site_name\" content=\"Nativa Info\" \/>\n<meta property=\"article:publisher\" content=\"https:\/\/www.facebook.com\/profile.php?id=61578881597564\" \/>\n<meta property=\"article:published_time\" content=\"2021-04-11T05:59:41+00:00\" \/>\n<meta property=\"og:image\" content=\"http:\/\/nativainfo.com\/wp-content\/uploads\/2021\/04\/duque-edimburgo-cordon-a.jpg\" \/>\n<meta name=\"author\" content=\"Nativa Info\" \/>\n<meta name=\"twitter:card\" content=\"summary_large_image\" \/>\n<meta name=\"twitter:label1\" content=\"Escrito por\" \/>\n\t<meta name=\"twitter:data1\" content=\"Nativa Info\" \/>\n\t<meta name=\"twitter:label2\" content=\"Tiempo de lectura\" \/>\n\t<meta name=\"twitter:data2\" content=\"1 minuto\" \/>\n<script type=\"application\/ld+json\" class=\"yoast-schema-graph\">{\"@context\":\"https:\/\/schema.org\",\"@graph\":[{\"@type\":\"Article\",\"@id\":\"https:\/\/nativainfo.com\/?p=1574#article\",\"isPartOf\":{\"@id\":\"https:\/\/nativainfo.com\/?p=1574\"},\"author\":{\"name\":\"Nativa Info\",\"@id\":\"https:\/\/nativainfo.com\/#\/schema\/person\/24893b64a9cd564ddb5d102d36eb4b5c\"},\"headline\":\"El funeral de Felipe: Harry viajar\u00e1 a Londres, pero Meghan se quedar\u00e1 en EE.UU.\",\"datePublished\":\"2021-04-11T05:59:41+00:00\",\"mainEntityOfPage\":{\"@id\":\"https:\/\/nativainfo.com\/?p=1574\"},\"wordCount\":189,\"commentCount\":0,\"publisher\":{\"@id\":\"https:\/\/nativainfo.com\/#organization\"},\"image\":{\"@id\":\"https:\/\/nativainfo.com\/?p=1574#primaryimage\"},\"thumbnailUrl\":\"http:\/\/nativainfo.com\/wp-content\/uploads\/2021\/04\/duque-edimburgo-cordon-a.jpg\",\"articleSection\":[\"Mundo\",\"Noticias\"],\"inLanguage\":\"es-AR\",\"potentialAction\":[{\"@type\":\"CommentAction\",\"name\":\"Comment\",\"target\":[\"https:\/\/nativainfo.com\/?p=1574#respond\"]}]},{\"@type\":\"WebPage\",\"@id\":\"https:\/\/nativainfo.com\/?p=1574\",\"url\":\"https:\/\/nativainfo.com\/?p=1574\",\"name\":\"El funeral de Felipe: Harry viajar\u00e1 a Londres, pero Meghan se quedar\u00e1 en EE.UU. - Nativa Info\",\"isPartOf\":{\"@id\":\"https:\/\/nativainfo.com\/#website\"},\"primaryImageOfPage\":{\"@id\":\"https:\/\/nativainfo.com\/?p=1574#primaryimage\"},\"image\":{\"@id\":\"https:\/\/nativainfo.com\/?p=1574#primaryimage\"},\"thumbnailUrl\":\"http:\/\/nativainfo.com\/wp-content\/uploads\/2021\/04\/duque-edimburgo-cordon-a.jpg\",\"datePublished\":\"2021-04-11T05:59:41+00:00\",\"breadcrumb\":{\"@id\":\"https:\/\/nativainfo.com\/?p=1574#breadcrumb\"},\"inLanguage\":\"es-AR\",\"potentialAction\":[{\"@type\":\"ReadAction\",\"target\":[\"https:\/\/nativainfo.com\/?p=1574\"]}]},{\"@type\":\"ImageObject\",\"inLanguage\":\"es-AR\",\"@id\":\"https:\/\/nativainfo.com\/?p=1574#primaryimage\",\"url\":\"https:\/\/nativainfo.com\/wp-content\/uploads\/2021\/04\/duque-edimburgo-cordon-a.jpg\",\"contentUrl\":\"https:\/\/nativainfo.com\/wp-content\/uploads\/2021\/04\/duque-edimburgo-cordon-a.jpg\",\"width\":600,\"height\":506},{\"@type\":\"BreadcrumbList\",\"@id\":\"https:\/\/nativainfo.com\/?p=1574#breadcrumb\",\"itemListElement\":[{\"@type\":\"ListItem\",\"position\":1,\"name\":\"Inicio\",\"item\":\"https:\/\/nativainfo.com\/\"},{\"@type\":\"ListItem\",\"position\":2,\"name\":\"El funeral de Felipe: Harry viajar\u00e1 a Londres, pero Meghan se quedar\u00e1 en EE.UU.\"}]},{\"@type\":\"WebSite\",\"@id\":\"https:\/\/nativainfo.com\/#website\",\"url\":\"https:\/\/nativainfo.com\/\",\"name\":\"Nativa Info\",\"description\":\"Diario Digital\",\"publisher\":{\"@id\":\"https:\/\/nativainfo.com\/#organization\"},\"potentialAction\":[{\"@type\":\"SearchAction\",\"target\":{\"@type\":\"EntryPoint\",\"urlTemplate\":\"https:\/\/nativainfo.com\/?s={search_term_string}\"},\"query-input\":{\"@type\":\"PropertyValueSpecification\",\"valueRequired\":true,\"valueName\":\"search_term_string\"}}],\"inLanguage\":\"es-AR\"},{\"@type\":\"Organization\",\"@id\":\"https:\/\/nativainfo.com\/#organization\",\"name\":\"Nativa Info\",\"url\":\"https:\/\/nativainfo.com\/\",\"logo\":{\"@type\":\"ImageObject\",\"inLanguage\":\"es-AR\",\"@id\":\"https:\/\/nativainfo.com\/#\/schema\/logo\/image\/\",\"url\":\"https:\/\/nativainfo.com\/wp-content\/uploads\/2025\/08\/LOGO-NATIVA-FACE.jpg\",\"contentUrl\":\"https:\/\/nativainfo.com\/wp-content\/uploads\/2025\/08\/LOGO-NATIVA-FACE.jpg\",\"width\":400,\"height\":400,\"caption\":\"Nativa Info\"},\"image\":{\"@id\":\"https:\/\/nativainfo.com\/#\/schema\/logo\/image\/\"},\"sameAs\":[\"https:\/\/www.facebook.com\/profile.php?id=61578881597564\"]},{\"@type\":\"Person\",\"@id\":\"https:\/\/nativainfo.com\/#\/schema\/person\/24893b64a9cd564ddb5d102d36eb4b5c\",\"name\":\"Nativa Info\",\"image\":{\"@type\":\"ImageObject\",\"inLanguage\":\"es-AR\",\"@id\":\"https:\/\/nativainfo.com\/#\/schema\/person\/image\/\",\"url\":\"https:\/\/secure.gravatar.com\/avatar\/016fa1cf068d85136d938e1507b9b619cb766e2565cbb1faa1e571762460c785?s=96&d=mm&r=g\",\"contentUrl\":\"https:\/\/secure.gravatar.com\/avatar\/016fa1cf068d85136d938e1507b9b619cb766e2565cbb1faa1e571762460c785?s=96&d=mm&r=g\",\"caption\":\"Nativa Info\"},\"sameAs\":[\"http:\/\/nativainfo.com\"],\"url\":\"https:\/\/nativainfo.com\/?author=1\"}]}<\/script>\n<!-- \/ Yoast SEO plugin. -->","yoast_head_json":{"title":"El funeral de Felipe: Harry viajar\u00e1 a Londres, pero Meghan se quedar\u00e1 en EE.UU. - Nativa Info","robots":{"index":"index","follow":"follow","max-snippet":"max-snippet:-1","max-image-preview":"max-image-preview:large","max-video-preview":"max-video-preview:-1"},"canonical":"https:\/\/nativainfo.com\/?p=1574","og_locale":"es_ES","og_type":"article","og_title":"El funeral de Felipe: Harry viajar\u00e1 a Londres, pero Meghan se quedar\u00e1 en EE.UU. - Nativa Info","og_description":"Lo anunci\u00f3 el Palacio de Buckingham; en los funerales del Reino Unido no se permiten m\u00e1s de 30 personas por... Continue reading","og_url":"https:\/\/nativainfo.com\/?p=1574","og_site_name":"Nativa Info","article_publisher":"https:\/\/www.facebook.com\/profile.php?id=61578881597564","article_published_time":"2021-04-11T05:59:41+00:00","og_image":[{"url":"http:\/\/nativainfo.com\/wp-content\/uploads\/2021\/04\/duque-edimburgo-cordon-a.jpg","type":"","width":"","height":""}],"author":"Nativa Info","twitter_card":"summary_large_image","twitter_misc":{"Escrito por":"Nativa Info","Tiempo de lectura":"1 minuto"},"schema":{"@context":"https:\/\/schema.org","@graph":[{"@type":"Article","@id":"https:\/\/nativainfo.com\/?p=1574#article","isPartOf":{"@id":"https:\/\/nativainfo.com\/?p=1574"},"author":{"name":"Nativa Info","@id":"https:\/\/nativainfo.com\/#\/schema\/person\/24893b64a9cd564ddb5d102d36eb4b5c"},"headline":"El funeral de Felipe: Harry viajar\u00e1 a Londres, pero Meghan se quedar\u00e1 en EE.UU.","datePublished":"2021-04-11T05:59:41+00:00","mainEntityOfPage":{"@id":"https:\/\/nativainfo.com\/?p=1574"},"wordCount":189,"commentCount":0,"publisher":{"@id":"https:\/\/nativainfo.com\/#organization"},"image":{"@id":"https:\/\/nativainfo.com\/?p=1574#primaryimage"},"thumbnailUrl":"http:\/\/nativainfo.com\/wp-content\/uploads\/2021\/04\/duque-edimburgo-cordon-a.jpg","articleSection":["Mundo","Noticias"],"inLanguage":"es-AR","potentialAction":[{"@type":"CommentAction","name":"Comment","target":["https:\/\/nativainfo.com\/?p=1574#respond"]}]},{"@type":"WebPage","@id":"https:\/\/nativainfo.com\/?p=1574","url":"https:\/\/nativainfo.com\/?p=1574","name":"El funeral de Felipe: Harry viajar\u00e1 a Londres, pero Meghan se quedar\u00e1 en EE.UU. - Nativa Info","isPartOf":{"@id":"https:\/\/nativainfo.com\/#website"},"primaryImageOfPage":{"@id":"https:\/\/nativainfo.com\/?p=1574#primaryimage"},"image":{"@id":"https:\/\/nativainfo.com\/?p=1574#primaryimage"},"thumbnailUrl":"http:\/\/nativainfo.com\/wp-content\/uploads\/2021\/04\/duque-edimburgo-cordon-a.jpg","datePublished":"2021-04-11T05:59:41+00:00","breadcrumb":{"@id":"https:\/\/nativainfo.com\/?p=1574#breadcrumb"},"inLanguage":"es-AR","potentialAction":[{"@type":"ReadAction","target":["https:\/\/nativainfo.com\/?p=1574"]}]},{"@type":"ImageObject","inLanguage":"es-AR","@id":"https:\/\/nativainfo.com\/?p=1574#primaryimage","url":"https:\/\/nativainfo.com\/wp-content\/uploads\/2021\/04\/duque-edimburgo-cordon-a.jpg","contentUrl":"https:\/\/nativainfo.com\/wp-content\/uploads\/2021\/04\/duque-edimburgo-cordon-a.jpg","width":600,"height":506},{"@type":"BreadcrumbList","@id":"https:\/\/nativainfo.com\/?p=1574#breadcrumb","itemListElement":[{"@type":"ListItem","position":1,"name":"Inicio","item":"https:\/\/nativainfo.com\/"},{"@type":"ListItem","position":2,"name":"El funeral de Felipe: Harry viajar\u00e1 a Londres, pero Meghan se quedar\u00e1 en EE.UU."}]},{"@type":"WebSite","@id":"https:\/\/nativainfo.com\/#website","url":"https:\/\/nativainfo.com\/","name":"Nativa Info","description":"Diario Digital","publisher":{"@id":"https:\/\/nativainfo.com\/#organization"},"potentialAction":[{"@type":"SearchAction","target":{"@type":"EntryPoint","urlTemplate":"https:\/\/nativainfo.com\/?s={search_term_string}"},"query-input":{"@type":"PropertyValueSpecification","valueRequired":true,"valueName":"search_term_string"}}],"inLanguage":"es-AR"},{"@type":"Organization","@id":"https:\/\/nativainfo.com\/#organization","name":"Nativa Info","url":"https:\/\/nativainfo.com\/","logo":{"@type":"ImageObject","inLanguage":"es-AR","@id":"https:\/\/nativainfo.com\/#\/schema\/logo\/image\/","url":"https:\/\/nativainfo.com\/wp-content\/uploads\/2025\/08\/LOGO-NATIVA-FACE.jpg","contentUrl":"https:\/\/nativainfo.com\/wp-content\/uploads\/2025\/08\/LOGO-NATIVA-FACE.jpg","width":400,"height":400,"caption":"Nativa Info"},"image":{"@id":"https:\/\/nativainfo.com\/#\/schema\/logo\/image\/"},"sameAs":["https:\/\/www.facebook.com\/profile.php?id=61578881597564"]},{"@type":"Person","@id":"https:\/\/nativainfo.com\/#\/schema\/person\/24893b64a9cd564ddb5d102d36eb4b5c","name":"Nativa Info","image":{"@type":"ImageObject","inLanguage":"es-AR","@id":"https:\/\/nativainfo.com\/#\/schema\/person\/image\/","url":"https:\/\/secure.gravatar.com\/avatar\/016fa1cf068d85136d938e1507b9b619cb766e2565cbb1faa1e571762460c785?s=96&d=mm&r=g","contentUrl":"https:\/\/secure.gravatar.com\/avatar\/016fa1cf068d85136d938e1507b9b619cb766e2565cbb1faa1e571762460c785?s=96&d=mm&r=g","caption":"Nativa Info"},"sameAs":["http:\/\/nativainfo.com"],"url":"https:\/\/nativainfo.com\/?author=1"}]}},"jetpack_publicize_connections":[],"_links":{"self":[{"href":"https:\/\/nativainfo.com\/index.php?rest_route=\/wp\/v2\/posts\/1574","targetHints":{"allow":["GET"]}}],"collection":[{"href":"https:\/\/nativainfo.com\/index.php?rest_route=\/wp\/v2\/posts"}],"about":[{"href":"https:\/\/nativainfo.com\/index.php?rest_route=\/wp\/v2\/types\/post"}],"author":[{"embeddable":true,"href":"https:\/\/nativainfo.com\/index.php?rest_route=\/wp\/v2\/users\/1"}],"replies":[{"embeddable":true,"href":"https:\/\/nativainfo.com\/index.php?rest_route=%2Fwp%2Fv2%2Fcomments&post=1574"}],"version-history":[{"count":1,"href":"https:\/\/nativainfo.com\/index.php?rest_route=\/wp\/v2\/posts\/1574\/revisions"}],"predecessor-version":[{"id":1578,"href":"https:\/\/nativainfo.com\/index.php?rest_route=\/wp\/v2\/posts\/1574\/revisions\/1578"}],"wp:attachment":[{"href":"https:\/\/nativainfo.com\/index.php?rest_route=%2Fwp%2Fv2%2Fmedia&parent=1574"}],"wp:term":[{"taxonomy":"category","embeddable":true,"href":"https:\/\/nativainfo.com\/index.php?rest_route=%2Fwp%2Fv2%2Fcategories&post=1574"},{"taxonomy":"post_tag","embeddable":true,"href":"https:\/\/nativainfo.com\/index.php?rest_route=%2Fwp%2Fv2%2Ftags&post=1574"}],"curies":[{"name":"wp","href":"https:\/\/api.w.org\/{rel}","templated":true}]}}