{"id":1534,"date":"2021-03-26T01:22:57","date_gmt":"2021-03-26T04:22:57","guid":{"rendered":"http:\/\/nativainfo.com\/?p=1534"},"modified":"2021-03-26T01:22:57","modified_gmt":"2021-03-26T04:22:57","slug":"la-vacunacion-de-mayores-de-70-anos-en-el-departamento-robles-sera-la-proxima-semana","status":"publish","type":"post","link":"https:\/\/nativainfo.com\/?p=1534","title":{"rendered":"La vacunaci\u00f3n de mayores de 70 a\u00f1os en el departamento Robles ser\u00e1 la pr\u00f3xima semana"},"content":{"rendered":"\n<p><strong>El Ministerio de Salud organiz\u00f3 el operativo de vacunaci\u00f3n contra el COVID-19 para el martes 30 y mi\u00e9rcoles 31 de marzo. Ser\u00e1 en Fern\u00e1ndez, Forres, Beltr\u00e1n, Vilmer y Colonia El Simbolar.<\/strong><\/p>\n\n\n\n<figure class=\"wp-block-image size-large\"><img fetchpriority=\"high\" decoding=\"async\" width=\"1010\" height=\"567\" src=\"http:\/\/nativainfo.com\/wp-content\/uploads\/2021\/03\/1010x567_vacunacion-departamento-robles-378026-192220.jpg\" alt=\"\" class=\"wp-image-1537\" srcset=\"https:\/\/nativainfo.com\/wp-content\/uploads\/2021\/03\/1010x567_vacunacion-departamento-robles-378026-192220.jpg 1010w, https:\/\/nativainfo.com\/wp-content\/uploads\/2021\/03\/1010x567_vacunacion-departamento-robles-378026-192220-300x168.jpg 300w, https:\/\/nativainfo.com\/wp-content\/uploads\/2021\/03\/1010x567_vacunacion-departamento-robles-378026-192220-768x431.jpg 768w, https:\/\/nativainfo.com\/wp-content\/uploads\/2021\/03\/1010x567_vacunacion-departamento-robles-378026-192220-623x350.jpg 623w, https:\/\/nativainfo.com\/wp-content\/uploads\/2021\/03\/1010x567_vacunacion-departamento-robles-378026-192220-150x84.jpg 150w\" sizes=\"(max-width: 1010px) 100vw, 1010px\" \/><\/figure>\n\n\n\n<p>La ministra de Salud&nbsp;<strong>Natividad Nassif<\/strong>, y el subsecretario&nbsp;<strong>C\u00e9sar Monti<\/strong>, junto al equipo de la cartera sanitaria, se trasladaron a la&nbsp;<strong>ciudad de Fern\u00e1nde<\/strong><strong>z<\/strong>, donde encabezaron una reuni\u00f3n con las autoridades comunales y directivos de hospitales del<strong>&nbsp;departamento Robles<\/strong>.&nbsp;<\/p>\n\n\n\n<p>El objetivo fue organizar el&nbsp;<strong>operativo de vacunaci\u00f3n contra COVID-19 a mayores de 70 a\u00f1os&nbsp;<\/strong>que se realizar\u00e1 los d\u00edas&nbsp;<strong>martes 30 y mi\u00e9rcoles 31 de marzo<\/strong>&nbsp;en cinco localidades de este departamento.<\/p>\n\n\n\n<p>En la sede de Concejo Deliberante de Fern\u00e1ndez se llev\u00f3 a cabo el encuentro del que participaron el intendente de esta ciudad,<strong>\u00a0V\u00edctor Araujo<\/strong>, autoridades del concejo y del municipio y los jefes comunales de Forres,\u00a0<strong>Edgar Garavaglia<\/strong>; Beltr\u00e1n,<strong>\u00a0Miguel \u00c1lvarez<\/strong>; comisionado de Vilmer,\u00a0<strong>Walter P\u00e1ez<\/strong>\u00a0 y el secretario de la Comisi\u00f3n de Colonia El Simbolar,\u00a0<strong>Jorge Tevez<\/strong>.\u00a0<\/p>\n\n\n\n<p>Fuente: Diario Panorama<\/p>\n","protected":false},"excerpt":{"rendered":"<p>El Ministerio de Salud organiz\u00f3 el operativo de vacunaci\u00f3n contra el COVID-19 para el martes 30 y mi\u00e9rcoles 31 de&#8230; <a class=\"continue-reading-link\" href=\"https:\/\/nativainfo.com\/?p=1534\">Continue reading<\/a><\/p>\n","protected":false},"author":1,"featured_media":0,"comment_status":"open","ping_status":"open","sticky":false,"template":"","format":"standard","meta":{"rop_custom_images_group":[],"rop_custom_messages_group":[],"rop_publish_now":"initial","rop_publish_now_accounts":[],"rop_publish_now_history":[],"rop_publish_now_status":"pending","footnotes":"","jetpack_publicize_message":"","jetpack_publicize_feature_enabled":true,"jetpack_social_post_already_shared":false,"jetpack_social_options":{"image_generator_settings":{"template":"highway","default_image_id":0,"font":"","enabled":false},"version":2}},"categories":[14,13],"tags":[],"class_list":["post-1534","post","type-post","status-publish","format-standard","hentry","category-coronavirus","category-fernandez"],"yoast_head":"<!-- This site is optimized with the Yoast SEO plugin v25.6 - https:\/\/yoast.com\/wordpress\/plugins\/seo\/ -->\n<title>La vacunaci\u00f3n de mayores de 70 a\u00f1os en el departamento Robles ser\u00e1 la pr\u00f3xima semana - Nativa Info<\/title>\n<meta name=\"robots\" content=\"index, follow, max-snippet:-1, max-image-preview:large, max-video-preview:-1\" \/>\n<link rel=\"canonical\" href=\"https:\/\/nativainfo.com\/?p=1534\" \/>\n<meta property=\"og:locale\" content=\"es_ES\" \/>\n<meta property=\"og:type\" content=\"article\" \/>\n<meta property=\"og:title\" content=\"La vacunaci\u00f3n de mayores de 70 a\u00f1os en el departamento Robles ser\u00e1 la pr\u00f3xima semana - Nativa Info\" \/>\n<meta property=\"og:description\" content=\"El Ministerio de Salud organiz\u00f3 el operativo de vacunaci\u00f3n contra el COVID-19 para el martes 30 y mi\u00e9rcoles 31 de... Continue reading\" \/>\n<meta property=\"og:url\" content=\"https:\/\/nativainfo.com\/?p=1534\" \/>\n<meta property=\"og:site_name\" content=\"Nativa Info\" \/>\n<meta property=\"article:publisher\" content=\"https:\/\/www.facebook.com\/profile.php?id=61578881597564\" \/>\n<meta property=\"article:published_time\" content=\"2021-03-26T04:22:57+00:00\" \/>\n<meta property=\"og:image\" content=\"http:\/\/nativainfo.com\/wp-content\/uploads\/2021\/03\/1010x567_vacunacion-departamento-robles-378026-192220.jpg\" \/>\n<meta name=\"author\" content=\"Nativa Info\" \/>\n<meta name=\"twitter:card\" content=\"summary_large_image\" \/>\n<meta name=\"twitter:label1\" content=\"Escrito por\" \/>\n\t<meta name=\"twitter:data1\" content=\"Nativa Info\" \/>\n\t<meta name=\"twitter:label2\" content=\"Tiempo de lectura\" \/>\n\t<meta name=\"twitter:data2\" content=\"1 minuto\" \/>\n<script type=\"application\/ld+json\" class=\"yoast-schema-graph\">{\"@context\":\"https:\/\/schema.org\",\"@graph\":[{\"@type\":\"Article\",\"@id\":\"https:\/\/nativainfo.com\/?p=1534#article\",\"isPartOf\":{\"@id\":\"https:\/\/nativainfo.com\/?p=1534\"},\"author\":{\"name\":\"Nativa Info\",\"@id\":\"https:\/\/nativainfo.com\/#\/schema\/person\/24893b64a9cd564ddb5d102d36eb4b5c\"},\"headline\":\"La vacunaci\u00f3n de mayores de 70 a\u00f1os en el departamento Robles ser\u00e1 la pr\u00f3xima semana\",\"datePublished\":\"2021-03-26T04:22:57+00:00\",\"mainEntityOfPage\":{\"@id\":\"https:\/\/nativainfo.com\/?p=1534\"},\"wordCount\":203,\"commentCount\":0,\"publisher\":{\"@id\":\"https:\/\/nativainfo.com\/#organization\"},\"image\":{\"@id\":\"https:\/\/nativainfo.com\/?p=1534#primaryimage\"},\"thumbnailUrl\":\"http:\/\/nativainfo.com\/wp-content\/uploads\/2021\/03\/1010x567_vacunacion-departamento-robles-378026-192220.jpg\",\"articleSection\":[\"Coronavirus\",\"Fern\u00e1ndez\"],\"inLanguage\":\"es-AR\",\"potentialAction\":[{\"@type\":\"CommentAction\",\"name\":\"Comment\",\"target\":[\"https:\/\/nativainfo.com\/?p=1534#respond\"]}]},{\"@type\":\"WebPage\",\"@id\":\"https:\/\/nativainfo.com\/?p=1534\",\"url\":\"https:\/\/nativainfo.com\/?p=1534\",\"name\":\"La vacunaci\u00f3n de mayores de 70 a\u00f1os en el departamento Robles ser\u00e1 la pr\u00f3xima semana - Nativa Info\",\"isPartOf\":{\"@id\":\"https:\/\/nativainfo.com\/#website\"},\"primaryImageOfPage\":{\"@id\":\"https:\/\/nativainfo.com\/?p=1534#primaryimage\"},\"image\":{\"@id\":\"https:\/\/nativainfo.com\/?p=1534#primaryimage\"},\"thumbnailUrl\":\"http:\/\/nativainfo.com\/wp-content\/uploads\/2021\/03\/1010x567_vacunacion-departamento-robles-378026-192220.jpg\",\"datePublished\":\"2021-03-26T04:22:57+00:00\",\"breadcrumb\":{\"@id\":\"https:\/\/nativainfo.com\/?p=1534#breadcrumb\"},\"inLanguage\":\"es-AR\",\"potentialAction\":[{\"@type\":\"ReadAction\",\"target\":[\"https:\/\/nativainfo.com\/?p=1534\"]}]},{\"@type\":\"ImageObject\",\"inLanguage\":\"es-AR\",\"@id\":\"https:\/\/nativainfo.com\/?p=1534#primaryimage\",\"url\":\"https:\/\/nativainfo.com\/wp-content\/uploads\/2021\/03\/1010x567_vacunacion-departamento-robles-378026-192220.jpg\",\"contentUrl\":\"https:\/\/nativainfo.com\/wp-content\/uploads\/2021\/03\/1010x567_vacunacion-departamento-robles-378026-192220.jpg\",\"width\":1010,\"height\":567},{\"@type\":\"BreadcrumbList\",\"@id\":\"https:\/\/nativainfo.com\/?p=1534#breadcrumb\",\"itemListElement\":[{\"@type\":\"ListItem\",\"position\":1,\"name\":\"Inicio\",\"item\":\"https:\/\/nativainfo.com\/\"},{\"@type\":\"ListItem\",\"position\":2,\"name\":\"La vacunaci\u00f3n de mayores de 70 a\u00f1os en el departamento Robles ser\u00e1 la pr\u00f3xima semana\"}]},{\"@type\":\"WebSite\",\"@id\":\"https:\/\/nativainfo.com\/#website\",\"url\":\"https:\/\/nativainfo.com\/\",\"name\":\"Nativa Info\",\"description\":\"Diario Digital\",\"publisher\":{\"@id\":\"https:\/\/nativainfo.com\/#organization\"},\"potentialAction\":[{\"@type\":\"SearchAction\",\"target\":{\"@type\":\"EntryPoint\",\"urlTemplate\":\"https:\/\/nativainfo.com\/?s={search_term_string}\"},\"query-input\":{\"@type\":\"PropertyValueSpecification\",\"valueRequired\":true,\"valueName\":\"search_term_string\"}}],\"inLanguage\":\"es-AR\"},{\"@type\":\"Organization\",\"@id\":\"https:\/\/nativainfo.com\/#organization\",\"name\":\"Nativa Info\",\"url\":\"https:\/\/nativainfo.com\/\",\"logo\":{\"@type\":\"ImageObject\",\"inLanguage\":\"es-AR\",\"@id\":\"https:\/\/nativainfo.com\/#\/schema\/logo\/image\/\",\"url\":\"https:\/\/nativainfo.com\/wp-content\/uploads\/2025\/08\/LOGO-NATIVA-FACE.jpg\",\"contentUrl\":\"https:\/\/nativainfo.com\/wp-content\/uploads\/2025\/08\/LOGO-NATIVA-FACE.jpg\",\"width\":400,\"height\":400,\"caption\":\"Nativa Info\"},\"image\":{\"@id\":\"https:\/\/nativainfo.com\/#\/schema\/logo\/image\/\"},\"sameAs\":[\"https:\/\/www.facebook.com\/profile.php?id=61578881597564\"]},{\"@type\":\"Person\",\"@id\":\"https:\/\/nativainfo.com\/#\/schema\/person\/24893b64a9cd564ddb5d102d36eb4b5c\",\"name\":\"Nativa Info\",\"image\":{\"@type\":\"ImageObject\",\"inLanguage\":\"es-AR\",\"@id\":\"https:\/\/nativainfo.com\/#\/schema\/person\/image\/\",\"url\":\"https:\/\/secure.gravatar.com\/avatar\/016fa1cf068d85136d938e1507b9b619cb766e2565cbb1faa1e571762460c785?s=96&d=mm&r=g\",\"contentUrl\":\"https:\/\/secure.gravatar.com\/avatar\/016fa1cf068d85136d938e1507b9b619cb766e2565cbb1faa1e571762460c785?s=96&d=mm&r=g\",\"caption\":\"Nativa Info\"},\"sameAs\":[\"http:\/\/nativainfo.com\"],\"url\":\"https:\/\/nativainfo.com\/?author=1\"}]}<\/script>\n<!-- \/ Yoast SEO plugin. -->","yoast_head_json":{"title":"La vacunaci\u00f3n de mayores de 70 a\u00f1os en el departamento Robles ser\u00e1 la pr\u00f3xima semana - Nativa Info","robots":{"index":"index","follow":"follow","max-snippet":"max-snippet:-1","max-image-preview":"max-image-preview:large","max-video-preview":"max-video-preview:-1"},"canonical":"https:\/\/nativainfo.com\/?p=1534","og_locale":"es_ES","og_type":"article","og_title":"La vacunaci\u00f3n de mayores de 70 a\u00f1os en el departamento Robles ser\u00e1 la pr\u00f3xima semana - Nativa Info","og_description":"El Ministerio de Salud organiz\u00f3 el operativo de vacunaci\u00f3n contra el COVID-19 para el martes 30 y mi\u00e9rcoles 31 de... Continue reading","og_url":"https:\/\/nativainfo.com\/?p=1534","og_site_name":"Nativa Info","article_publisher":"https:\/\/www.facebook.com\/profile.php?id=61578881597564","article_published_time":"2021-03-26T04:22:57+00:00","og_image":[{"url":"http:\/\/nativainfo.com\/wp-content\/uploads\/2021\/03\/1010x567_vacunacion-departamento-robles-378026-192220.jpg","type":"","width":"","height":""}],"author":"Nativa Info","twitter_card":"summary_large_image","twitter_misc":{"Escrito por":"Nativa Info","Tiempo de lectura":"1 minuto"},"schema":{"@context":"https:\/\/schema.org","@graph":[{"@type":"Article","@id":"https:\/\/nativainfo.com\/?p=1534#article","isPartOf":{"@id":"https:\/\/nativainfo.com\/?p=1534"},"author":{"name":"Nativa Info","@id":"https:\/\/nativainfo.com\/#\/schema\/person\/24893b64a9cd564ddb5d102d36eb4b5c"},"headline":"La vacunaci\u00f3n de mayores de 70 a\u00f1os en el departamento Robles ser\u00e1 la pr\u00f3xima semana","datePublished":"2021-03-26T04:22:57+00:00","mainEntityOfPage":{"@id":"https:\/\/nativainfo.com\/?p=1534"},"wordCount":203,"commentCount":0,"publisher":{"@id":"https:\/\/nativainfo.com\/#organization"},"image":{"@id":"https:\/\/nativainfo.com\/?p=1534#primaryimage"},"thumbnailUrl":"http:\/\/nativainfo.com\/wp-content\/uploads\/2021\/03\/1010x567_vacunacion-departamento-robles-378026-192220.jpg","articleSection":["Coronavirus","Fern\u00e1ndez"],"inLanguage":"es-AR","potentialAction":[{"@type":"CommentAction","name":"Comment","target":["https:\/\/nativainfo.com\/?p=1534#respond"]}]},{"@type":"WebPage","@id":"https:\/\/nativainfo.com\/?p=1534","url":"https:\/\/nativainfo.com\/?p=1534","name":"La vacunaci\u00f3n de mayores de 70 a\u00f1os en el departamento Robles ser\u00e1 la pr\u00f3xima semana - Nativa Info","isPartOf":{"@id":"https:\/\/nativainfo.com\/#website"},"primaryImageOfPage":{"@id":"https:\/\/nativainfo.com\/?p=1534#primaryimage"},"image":{"@id":"https:\/\/nativainfo.com\/?p=1534#primaryimage"},"thumbnailUrl":"http:\/\/nativainfo.com\/wp-content\/uploads\/2021\/03\/1010x567_vacunacion-departamento-robles-378026-192220.jpg","datePublished":"2021-03-26T04:22:57+00:00","breadcrumb":{"@id":"https:\/\/nativainfo.com\/?p=1534#breadcrumb"},"inLanguage":"es-AR","potentialAction":[{"@type":"ReadAction","target":["https:\/\/nativainfo.com\/?p=1534"]}]},{"@type":"ImageObject","inLanguage":"es-AR","@id":"https:\/\/nativainfo.com\/?p=1534#primaryimage","url":"https:\/\/nativainfo.com\/wp-content\/uploads\/2021\/03\/1010x567_vacunacion-departamento-robles-378026-192220.jpg","contentUrl":"https:\/\/nativainfo.com\/wp-content\/uploads\/2021\/03\/1010x567_vacunacion-departamento-robles-378026-192220.jpg","width":1010,"height":567},{"@type":"BreadcrumbList","@id":"https:\/\/nativainfo.com\/?p=1534#breadcrumb","itemListElement":[{"@type":"ListItem","position":1,"name":"Inicio","item":"https:\/\/nativainfo.com\/"},{"@type":"ListItem","position":2,"name":"La vacunaci\u00f3n de mayores de 70 a\u00f1os en el departamento Robles ser\u00e1 la pr\u00f3xima semana"}]},{"@type":"WebSite","@id":"https:\/\/nativainfo.com\/#website","url":"https:\/\/nativainfo.com\/","name":"Nativa Info","description":"Diario Digital","publisher":{"@id":"https:\/\/nativainfo.com\/#organization"},"potentialAction":[{"@type":"SearchAction","target":{"@type":"EntryPoint","urlTemplate":"https:\/\/nativainfo.com\/?s={search_term_string}"},"query-input":{"@type":"PropertyValueSpecification","valueRequired":true,"valueName":"search_term_string"}}],"inLanguage":"es-AR"},{"@type":"Organization","@id":"https:\/\/nativainfo.com\/#organization","name":"Nativa Info","url":"https:\/\/nativainfo.com\/","logo":{"@type":"ImageObject","inLanguage":"es-AR","@id":"https:\/\/nativainfo.com\/#\/schema\/logo\/image\/","url":"https:\/\/nativainfo.com\/wp-content\/uploads\/2025\/08\/LOGO-NATIVA-FACE.jpg","contentUrl":"https:\/\/nativainfo.com\/wp-content\/uploads\/2025\/08\/LOGO-NATIVA-FACE.jpg","width":400,"height":400,"caption":"Nativa Info"},"image":{"@id":"https:\/\/nativainfo.com\/#\/schema\/logo\/image\/"},"sameAs":["https:\/\/www.facebook.com\/profile.php?id=61578881597564"]},{"@type":"Person","@id":"https:\/\/nativainfo.com\/#\/schema\/person\/24893b64a9cd564ddb5d102d36eb4b5c","name":"Nativa Info","image":{"@type":"ImageObject","inLanguage":"es-AR","@id":"https:\/\/nativainfo.com\/#\/schema\/person\/image\/","url":"https:\/\/secure.gravatar.com\/avatar\/016fa1cf068d85136d938e1507b9b619cb766e2565cbb1faa1e571762460c785?s=96&d=mm&r=g","contentUrl":"https:\/\/secure.gravatar.com\/avatar\/016fa1cf068d85136d938e1507b9b619cb766e2565cbb1faa1e571762460c785?s=96&d=mm&r=g","caption":"Nativa Info"},"sameAs":["http:\/\/nativainfo.com"],"url":"https:\/\/nativainfo.com\/?author=1"}]}},"jetpack_publicize_connections":[],"_links":{"self":[{"href":"https:\/\/nativainfo.com\/index.php?rest_route=\/wp\/v2\/posts\/1534","targetHints":{"allow":["GET"]}}],"collection":[{"href":"https:\/\/nativainfo.com\/index.php?rest_route=\/wp\/v2\/posts"}],"about":[{"href":"https:\/\/nativainfo.com\/index.php?rest_route=\/wp\/v2\/types\/post"}],"author":[{"embeddable":true,"href":"https:\/\/nativainfo.com\/index.php?rest_route=\/wp\/v2\/users\/1"}],"replies":[{"embeddable":true,"href":"https:\/\/nativainfo.com\/index.php?rest_route=%2Fwp%2Fv2%2Fcomments&post=1534"}],"version-history":[{"count":2,"href":"https:\/\/nativainfo.com\/index.php?rest_route=\/wp\/v2\/posts\/1534\/revisions"}],"predecessor-version":[{"id":1664,"href":"https:\/\/nativainfo.com\/index.php?rest_route=\/wp\/v2\/posts\/1534\/revisions\/1664"}],"wp:attachment":[{"href":"https:\/\/nativainfo.com\/index.php?rest_route=%2Fwp%2Fv2%2Fmedia&parent=1534"}],"wp:term":[{"taxonomy":"category","embeddable":true,"href":"https:\/\/nativainfo.com\/index.php?rest_route=%2Fwp%2Fv2%2Fcategories&post=1534"},{"taxonomy":"post_tag","embeddable":true,"href":"https:\/\/nativainfo.com\/index.php?rest_route=%2Fwp%2Fv2%2Ftags&post=1534"}],"curies":[{"name":"wp","href":"https:\/\/api.w.org\/{rel}","templated":true}]}}