{"id":1497,"date":"2021-03-17T00:28:30","date_gmt":"2021-03-17T03:28:30","guid":{"rendered":"http:\/\/nativainfo.com\/?p=1497"},"modified":"2021-03-17T00:28:30","modified_gmt":"2021-03-17T03:28:30","slug":"continuaran-vacunando-a-mayores-de-70-en-capital-este-jueves-y-viernes","status":"publish","type":"post","link":"https:\/\/nativainfo.com\/?p=1497","title":{"rendered":"Continuar\u00e1n vacunando a mayores de 70 en Capital este jueves y viernes"},"content":{"rendered":"\n<p><strong>Las personas pueden consultar lugar, d\u00eda y turno en https:\/\/vacunarse.sde.gob.ar<\/strong><\/p>\n\n\n\n<figure class=\"wp-block-image size-large\"><img fetchpriority=\"high\" decoding=\"async\" width=\"715\" height=\"402\" src=\"http:\/\/nativainfo.com\/wp-content\/uploads\/2021\/03\/715x402_coronavirus-santiago-vacunacion-376907-233608.jpg\" alt=\"\" class=\"wp-image-1500\" srcset=\"https:\/\/nativainfo.com\/wp-content\/uploads\/2021\/03\/715x402_coronavirus-santiago-vacunacion-376907-233608.jpg 715w, https:\/\/nativainfo.com\/wp-content\/uploads\/2021\/03\/715x402_coronavirus-santiago-vacunacion-376907-233608-300x169.jpg 300w, https:\/\/nativainfo.com\/wp-content\/uploads\/2021\/03\/715x402_coronavirus-santiago-vacunacion-376907-233608-623x350.jpg 623w, https:\/\/nativainfo.com\/wp-content\/uploads\/2021\/03\/715x402_coronavirus-santiago-vacunacion-376907-233608-150x84.jpg 150w\" sizes=\"(max-width: 715px) 100vw, 715px\" \/><\/figure>\n\n\n\n<p>Este Jueves 18 y viernes 19 de marzo se llevar\u00e1 a cabo la Vacunaci\u00f3n a mayores de 70 a\u00f1os en las siguientes localidades del Departamento Capital:<\/p>\n\n\n\n<p>\uf0b7 &nbsp; &nbsp; &nbsp; &nbsp; El De\u00e1n, El Deancito, Los Morales, Los Mojones y San Antonio: en Posta Sanitaria de El Dean<\/p>\n\n\n\n<p>\uf0b7 &nbsp; &nbsp; &nbsp; &nbsp; Sol de Mayo, Rodeo de Soria, Antilo, La Pu\u00f1una, El Barrial y Ca\u00f1ada del Medio: en la Posta Sanitaria de Sol de Mayo<\/p>\n\n\n\n<p>\uf0b7 &nbsp; &nbsp; &nbsp; &nbsp; San Benito, Blanco Corral y Santa Rosa: en la Posta Sanitaria de San Benito<\/p>\n\n\n\n<p>\uf0b7 &nbsp; &nbsp; &nbsp; &nbsp; Vuelta de la Barranca, Maco, Maquito, Los Cardozos, Santa Rosa y San Pedro: en el Sal\u00f3n de la Comisi\u00f3n Municipal de San Pedro.<\/p>\n\n\n\n<p>\uf0b7 \u00a0 \u00a0 \u00a0 \u00a0 El Zanj\u00f3n y Puestito de San Antonio: en Escuela de Agricultura y Ganader\u00eda dependiente de la UNSE.<\/p>\n\n\n\n<p>Fuente: Diario Panorama<\/p>\n","protected":false},"excerpt":{"rendered":"<p>Las personas pueden consultar lugar, d\u00eda y turno en https:\/\/vacunarse.sde.gob.ar Este Jueves 18 y viernes 19 de marzo se llevar\u00e1&#8230; <a class=\"continue-reading-link\" href=\"https:\/\/nativainfo.com\/?p=1497\">Continue reading<\/a><\/p>\n","protected":false},"author":1,"featured_media":0,"comment_status":"open","ping_status":"open","sticky":false,"template":"","format":"standard","meta":{"rop_custom_images_group":[],"rop_custom_messages_group":[],"rop_publish_now":"initial","rop_publish_now_accounts":[],"rop_publish_now_history":[],"rop_publish_now_status":"pending","footnotes":"","jetpack_publicize_message":"","jetpack_publicize_feature_enabled":true,"jetpack_social_post_already_shared":false,"jetpack_social_options":{"image_generator_settings":{"template":"highway","default_image_id":0,"font":"","enabled":false},"version":2}},"categories":[14,12],"tags":[],"class_list":["post-1497","post","type-post","status-publish","format-standard","hentry","category-coronavirus","category-provincia"],"yoast_head":"<!-- This site is optimized with the Yoast SEO plugin v25.6 - https:\/\/yoast.com\/wordpress\/plugins\/seo\/ -->\n<title>Continuar\u00e1n vacunando a mayores de 70 en Capital este jueves y viernes - Nativa Info<\/title>\n<meta name=\"robots\" content=\"index, follow, max-snippet:-1, max-image-preview:large, max-video-preview:-1\" \/>\n<link rel=\"canonical\" href=\"https:\/\/nativainfo.com\/?p=1497\" \/>\n<meta property=\"og:locale\" content=\"es_ES\" \/>\n<meta property=\"og:type\" content=\"article\" \/>\n<meta property=\"og:title\" content=\"Continuar\u00e1n vacunando a mayores de 70 en Capital este jueves y viernes - Nativa Info\" \/>\n<meta property=\"og:description\" content=\"Las personas pueden consultar lugar, d\u00eda y turno en https:\/\/vacunarse.sde.gob.ar Este Jueves 18 y viernes 19 de marzo se llevar\u00e1... Continue reading\" \/>\n<meta property=\"og:url\" content=\"https:\/\/nativainfo.com\/?p=1497\" \/>\n<meta property=\"og:site_name\" content=\"Nativa Info\" \/>\n<meta property=\"article:publisher\" content=\"https:\/\/www.facebook.com\/profile.php?id=61578881597564\" \/>\n<meta property=\"article:published_time\" content=\"2021-03-17T03:28:30+00:00\" \/>\n<meta property=\"og:image\" content=\"http:\/\/nativainfo.com\/wp-content\/uploads\/2021\/03\/715x402_coronavirus-santiago-vacunacion-376907-233608.jpg\" \/>\n<meta name=\"author\" content=\"Nativa Info\" \/>\n<meta name=\"twitter:card\" content=\"summary_large_image\" \/>\n<meta name=\"twitter:label1\" content=\"Escrito por\" \/>\n\t<meta name=\"twitter:data1\" content=\"Nativa Info\" \/>\n\t<meta name=\"twitter:label2\" content=\"Tiempo de lectura\" \/>\n\t<meta name=\"twitter:data2\" content=\"1 minuto\" \/>\n<script type=\"application\/ld+json\" class=\"yoast-schema-graph\">{\"@context\":\"https:\/\/schema.org\",\"@graph\":[{\"@type\":\"Article\",\"@id\":\"https:\/\/nativainfo.com\/?p=1497#article\",\"isPartOf\":{\"@id\":\"https:\/\/nativainfo.com\/?p=1497\"},\"author\":{\"name\":\"Nativa Info\",\"@id\":\"https:\/\/nativainfo.com\/#\/schema\/person\/24893b64a9cd564ddb5d102d36eb4b5c\"},\"headline\":\"Continuar\u00e1n vacunando a mayores de 70 en Capital este jueves y viernes\",\"datePublished\":\"2021-03-17T03:28:30+00:00\",\"mainEntityOfPage\":{\"@id\":\"https:\/\/nativainfo.com\/?p=1497\"},\"wordCount\":172,\"commentCount\":0,\"publisher\":{\"@id\":\"https:\/\/nativainfo.com\/#organization\"},\"image\":{\"@id\":\"https:\/\/nativainfo.com\/?p=1497#primaryimage\"},\"thumbnailUrl\":\"http:\/\/nativainfo.com\/wp-content\/uploads\/2021\/03\/715x402_coronavirus-santiago-vacunacion-376907-233608.jpg\",\"articleSection\":[\"Coronavirus\",\"Provincia\"],\"inLanguage\":\"es-AR\",\"potentialAction\":[{\"@type\":\"CommentAction\",\"name\":\"Comment\",\"target\":[\"https:\/\/nativainfo.com\/?p=1497#respond\"]}]},{\"@type\":\"WebPage\",\"@id\":\"https:\/\/nativainfo.com\/?p=1497\",\"url\":\"https:\/\/nativainfo.com\/?p=1497\",\"name\":\"Continuar\u00e1n vacunando a mayores de 70 en Capital este jueves y viernes - Nativa Info\",\"isPartOf\":{\"@id\":\"https:\/\/nativainfo.com\/#website\"},\"primaryImageOfPage\":{\"@id\":\"https:\/\/nativainfo.com\/?p=1497#primaryimage\"},\"image\":{\"@id\":\"https:\/\/nativainfo.com\/?p=1497#primaryimage\"},\"thumbnailUrl\":\"http:\/\/nativainfo.com\/wp-content\/uploads\/2021\/03\/715x402_coronavirus-santiago-vacunacion-376907-233608.jpg\",\"datePublished\":\"2021-03-17T03:28:30+00:00\",\"breadcrumb\":{\"@id\":\"https:\/\/nativainfo.com\/?p=1497#breadcrumb\"},\"inLanguage\":\"es-AR\",\"potentialAction\":[{\"@type\":\"ReadAction\",\"target\":[\"https:\/\/nativainfo.com\/?p=1497\"]}]},{\"@type\":\"ImageObject\",\"inLanguage\":\"es-AR\",\"@id\":\"https:\/\/nativainfo.com\/?p=1497#primaryimage\",\"url\":\"https:\/\/nativainfo.com\/wp-content\/uploads\/2021\/03\/715x402_coronavirus-santiago-vacunacion-376907-233608.jpg\",\"contentUrl\":\"https:\/\/nativainfo.com\/wp-content\/uploads\/2021\/03\/715x402_coronavirus-santiago-vacunacion-376907-233608.jpg\",\"width\":715,\"height\":402},{\"@type\":\"BreadcrumbList\",\"@id\":\"https:\/\/nativainfo.com\/?p=1497#breadcrumb\",\"itemListElement\":[{\"@type\":\"ListItem\",\"position\":1,\"name\":\"Inicio\",\"item\":\"https:\/\/nativainfo.com\/\"},{\"@type\":\"ListItem\",\"position\":2,\"name\":\"Continuar\u00e1n vacunando a mayores de 70 en Capital este jueves y viernes\"}]},{\"@type\":\"WebSite\",\"@id\":\"https:\/\/nativainfo.com\/#website\",\"url\":\"https:\/\/nativainfo.com\/\",\"name\":\"Nativa Info\",\"description\":\"Diario Digital\",\"publisher\":{\"@id\":\"https:\/\/nativainfo.com\/#organization\"},\"potentialAction\":[{\"@type\":\"SearchAction\",\"target\":{\"@type\":\"EntryPoint\",\"urlTemplate\":\"https:\/\/nativainfo.com\/?s={search_term_string}\"},\"query-input\":{\"@type\":\"PropertyValueSpecification\",\"valueRequired\":true,\"valueName\":\"search_term_string\"}}],\"inLanguage\":\"es-AR\"},{\"@type\":\"Organization\",\"@id\":\"https:\/\/nativainfo.com\/#organization\",\"name\":\"Nativa Info\",\"url\":\"https:\/\/nativainfo.com\/\",\"logo\":{\"@type\":\"ImageObject\",\"inLanguage\":\"es-AR\",\"@id\":\"https:\/\/nativainfo.com\/#\/schema\/logo\/image\/\",\"url\":\"https:\/\/nativainfo.com\/wp-content\/uploads\/2025\/08\/LOGO-NATIVA-FACE.jpg\",\"contentUrl\":\"https:\/\/nativainfo.com\/wp-content\/uploads\/2025\/08\/LOGO-NATIVA-FACE.jpg\",\"width\":400,\"height\":400,\"caption\":\"Nativa Info\"},\"image\":{\"@id\":\"https:\/\/nativainfo.com\/#\/schema\/logo\/image\/\"},\"sameAs\":[\"https:\/\/www.facebook.com\/profile.php?id=61578881597564\"]},{\"@type\":\"Person\",\"@id\":\"https:\/\/nativainfo.com\/#\/schema\/person\/24893b64a9cd564ddb5d102d36eb4b5c\",\"name\":\"Nativa Info\",\"image\":{\"@type\":\"ImageObject\",\"inLanguage\":\"es-AR\",\"@id\":\"https:\/\/nativainfo.com\/#\/schema\/person\/image\/\",\"url\":\"https:\/\/secure.gravatar.com\/avatar\/016fa1cf068d85136d938e1507b9b619cb766e2565cbb1faa1e571762460c785?s=96&d=mm&r=g\",\"contentUrl\":\"https:\/\/secure.gravatar.com\/avatar\/016fa1cf068d85136d938e1507b9b619cb766e2565cbb1faa1e571762460c785?s=96&d=mm&r=g\",\"caption\":\"Nativa Info\"},\"sameAs\":[\"http:\/\/nativainfo.com\"],\"url\":\"https:\/\/nativainfo.com\/?author=1\"}]}<\/script>\n<!-- \/ Yoast SEO plugin. -->","yoast_head_json":{"title":"Continuar\u00e1n vacunando a mayores de 70 en Capital este jueves y viernes - Nativa Info","robots":{"index":"index","follow":"follow","max-snippet":"max-snippet:-1","max-image-preview":"max-image-preview:large","max-video-preview":"max-video-preview:-1"},"canonical":"https:\/\/nativainfo.com\/?p=1497","og_locale":"es_ES","og_type":"article","og_title":"Continuar\u00e1n vacunando a mayores de 70 en Capital este jueves y viernes - Nativa Info","og_description":"Las personas pueden consultar lugar, d\u00eda y turno en https:\/\/vacunarse.sde.gob.ar Este Jueves 18 y viernes 19 de marzo se llevar\u00e1... Continue reading","og_url":"https:\/\/nativainfo.com\/?p=1497","og_site_name":"Nativa Info","article_publisher":"https:\/\/www.facebook.com\/profile.php?id=61578881597564","article_published_time":"2021-03-17T03:28:30+00:00","og_image":[{"url":"http:\/\/nativainfo.com\/wp-content\/uploads\/2021\/03\/715x402_coronavirus-santiago-vacunacion-376907-233608.jpg","type":"","width":"","height":""}],"author":"Nativa Info","twitter_card":"summary_large_image","twitter_misc":{"Escrito por":"Nativa Info","Tiempo de lectura":"1 minuto"},"schema":{"@context":"https:\/\/schema.org","@graph":[{"@type":"Article","@id":"https:\/\/nativainfo.com\/?p=1497#article","isPartOf":{"@id":"https:\/\/nativainfo.com\/?p=1497"},"author":{"name":"Nativa Info","@id":"https:\/\/nativainfo.com\/#\/schema\/person\/24893b64a9cd564ddb5d102d36eb4b5c"},"headline":"Continuar\u00e1n vacunando a mayores de 70 en Capital este jueves y viernes","datePublished":"2021-03-17T03:28:30+00:00","mainEntityOfPage":{"@id":"https:\/\/nativainfo.com\/?p=1497"},"wordCount":172,"commentCount":0,"publisher":{"@id":"https:\/\/nativainfo.com\/#organization"},"image":{"@id":"https:\/\/nativainfo.com\/?p=1497#primaryimage"},"thumbnailUrl":"http:\/\/nativainfo.com\/wp-content\/uploads\/2021\/03\/715x402_coronavirus-santiago-vacunacion-376907-233608.jpg","articleSection":["Coronavirus","Provincia"],"inLanguage":"es-AR","potentialAction":[{"@type":"CommentAction","name":"Comment","target":["https:\/\/nativainfo.com\/?p=1497#respond"]}]},{"@type":"WebPage","@id":"https:\/\/nativainfo.com\/?p=1497","url":"https:\/\/nativainfo.com\/?p=1497","name":"Continuar\u00e1n vacunando a mayores de 70 en Capital este jueves y viernes - Nativa Info","isPartOf":{"@id":"https:\/\/nativainfo.com\/#website"},"primaryImageOfPage":{"@id":"https:\/\/nativainfo.com\/?p=1497#primaryimage"},"image":{"@id":"https:\/\/nativainfo.com\/?p=1497#primaryimage"},"thumbnailUrl":"http:\/\/nativainfo.com\/wp-content\/uploads\/2021\/03\/715x402_coronavirus-santiago-vacunacion-376907-233608.jpg","datePublished":"2021-03-17T03:28:30+00:00","breadcrumb":{"@id":"https:\/\/nativainfo.com\/?p=1497#breadcrumb"},"inLanguage":"es-AR","potentialAction":[{"@type":"ReadAction","target":["https:\/\/nativainfo.com\/?p=1497"]}]},{"@type":"ImageObject","inLanguage":"es-AR","@id":"https:\/\/nativainfo.com\/?p=1497#primaryimage","url":"https:\/\/nativainfo.com\/wp-content\/uploads\/2021\/03\/715x402_coronavirus-santiago-vacunacion-376907-233608.jpg","contentUrl":"https:\/\/nativainfo.com\/wp-content\/uploads\/2021\/03\/715x402_coronavirus-santiago-vacunacion-376907-233608.jpg","width":715,"height":402},{"@type":"BreadcrumbList","@id":"https:\/\/nativainfo.com\/?p=1497#breadcrumb","itemListElement":[{"@type":"ListItem","position":1,"name":"Inicio","item":"https:\/\/nativainfo.com\/"},{"@type":"ListItem","position":2,"name":"Continuar\u00e1n vacunando a mayores de 70 en Capital este jueves y viernes"}]},{"@type":"WebSite","@id":"https:\/\/nativainfo.com\/#website","url":"https:\/\/nativainfo.com\/","name":"Nativa Info","description":"Diario Digital","publisher":{"@id":"https:\/\/nativainfo.com\/#organization"},"potentialAction":[{"@type":"SearchAction","target":{"@type":"EntryPoint","urlTemplate":"https:\/\/nativainfo.com\/?s={search_term_string}"},"query-input":{"@type":"PropertyValueSpecification","valueRequired":true,"valueName":"search_term_string"}}],"inLanguage":"es-AR"},{"@type":"Organization","@id":"https:\/\/nativainfo.com\/#organization","name":"Nativa Info","url":"https:\/\/nativainfo.com\/","logo":{"@type":"ImageObject","inLanguage":"es-AR","@id":"https:\/\/nativainfo.com\/#\/schema\/logo\/image\/","url":"https:\/\/nativainfo.com\/wp-content\/uploads\/2025\/08\/LOGO-NATIVA-FACE.jpg","contentUrl":"https:\/\/nativainfo.com\/wp-content\/uploads\/2025\/08\/LOGO-NATIVA-FACE.jpg","width":400,"height":400,"caption":"Nativa Info"},"image":{"@id":"https:\/\/nativainfo.com\/#\/schema\/logo\/image\/"},"sameAs":["https:\/\/www.facebook.com\/profile.php?id=61578881597564"]},{"@type":"Person","@id":"https:\/\/nativainfo.com\/#\/schema\/person\/24893b64a9cd564ddb5d102d36eb4b5c","name":"Nativa Info","image":{"@type":"ImageObject","inLanguage":"es-AR","@id":"https:\/\/nativainfo.com\/#\/schema\/person\/image\/","url":"https:\/\/secure.gravatar.com\/avatar\/016fa1cf068d85136d938e1507b9b619cb766e2565cbb1faa1e571762460c785?s=96&d=mm&r=g","contentUrl":"https:\/\/secure.gravatar.com\/avatar\/016fa1cf068d85136d938e1507b9b619cb766e2565cbb1faa1e571762460c785?s=96&d=mm&r=g","caption":"Nativa Info"},"sameAs":["http:\/\/nativainfo.com"],"url":"https:\/\/nativainfo.com\/?author=1"}]}},"jetpack_publicize_connections":[],"_links":{"self":[{"href":"https:\/\/nativainfo.com\/index.php?rest_route=\/wp\/v2\/posts\/1497","targetHints":{"allow":["GET"]}}],"collection":[{"href":"https:\/\/nativainfo.com\/index.php?rest_route=\/wp\/v2\/posts"}],"about":[{"href":"https:\/\/nativainfo.com\/index.php?rest_route=\/wp\/v2\/types\/post"}],"author":[{"embeddable":true,"href":"https:\/\/nativainfo.com\/index.php?rest_route=\/wp\/v2\/users\/1"}],"replies":[{"embeddable":true,"href":"https:\/\/nativainfo.com\/index.php?rest_route=%2Fwp%2Fv2%2Fcomments&post=1497"}],"version-history":[{"count":1,"href":"https:\/\/nativainfo.com\/index.php?rest_route=\/wp\/v2\/posts\/1497\/revisions"}],"predecessor-version":[{"id":1501,"href":"https:\/\/nativainfo.com\/index.php?rest_route=\/wp\/v2\/posts\/1497\/revisions\/1501"}],"wp:attachment":[{"href":"https:\/\/nativainfo.com\/index.php?rest_route=%2Fwp%2Fv2%2Fmedia&parent=1497"}],"wp:term":[{"taxonomy":"category","embeddable":true,"href":"https:\/\/nativainfo.com\/index.php?rest_route=%2Fwp%2Fv2%2Fcategories&post=1497"},{"taxonomy":"post_tag","embeddable":true,"href":"https:\/\/nativainfo.com\/index.php?rest_route=%2Fwp%2Fv2%2Ftags&post=1497"}],"curies":[{"name":"wp","href":"https:\/\/api.w.org\/{rel}","templated":true}]}}