{"id":1451,"date":"2021-03-10T01:42:18","date_gmt":"2021-03-10T04:42:18","guid":{"rendered":"http:\/\/nativainfo.com\/?p=1451"},"modified":"2021-03-10T01:42:18","modified_gmt":"2021-03-10T04:42:18","slug":"descontrolado-incendio-en-la-patagonia-llego-a-zonas-urbanas-y-causa-temor-en-los-habitantes","status":"publish","type":"post","link":"https:\/\/nativainfo.com\/?p=1451","title":{"rendered":"Descontrolado incendio en la Patagonia lleg\u00f3 a zonas urbanas y causa temor en los habitantes"},"content":{"rendered":"\n<p><strong>Los focos \u00edgneos se desataron en las provincias de Chubut y R\u00edo Negro, algunas personas recibieron asistencia m\u00e9dica.<\/strong><\/p>\n\n\n\n<figure class=\"wp-block-image size-large\"><img fetchpriority=\"high\" decoding=\"async\" width=\"715\" height=\"402\" src=\"http:\/\/nativainfo.com\/wp-content\/uploads\/2021\/03\/715x402_incendio-patagonia-376623-012802.jpg\" alt=\"\" class=\"wp-image-1454\" srcset=\"https:\/\/nativainfo.com\/wp-content\/uploads\/2021\/03\/715x402_incendio-patagonia-376623-012802.jpg 715w, https:\/\/nativainfo.com\/wp-content\/uploads\/2021\/03\/715x402_incendio-patagonia-376623-012802-300x169.jpg 300w, https:\/\/nativainfo.com\/wp-content\/uploads\/2021\/03\/715x402_incendio-patagonia-376623-012802-623x350.jpg 623w, https:\/\/nativainfo.com\/wp-content\/uploads\/2021\/03\/715x402_incendio-patagonia-376623-012802-150x84.jpg 150w\" sizes=\"(max-width: 715px) 100vw, 715px\" \/><\/figure>\n\n\n\n<p>Preocupaci\u00f3n en el sur del pa\u00eds por\u00a0<strong>nuevos focos de incendios que se desataron en las provincias de Chubut y R\u00edo Negro.\u00a0<\/strong>Las llamas llegaron<strong>\u00a0hasta zona urbana<\/strong>\u00a0afectando viviendas, veh\u00edculos y provocando quemaduras en personas que tuvieron que recibir asistencia m\u00e9dica.<\/p>\n\n\n\n<p>Luego de m\u00e1s de 40 d\u00edas de trabajo,\u00a0<strong>el domingo se declar\u00f3 controlado el incendio forestal en Cuesta del Ternero que se inici\u00f3 el pasado 24 de enero.<\/strong>\u00a0Sin embargo, este mismo 6 de marzo, las alarmas se volvieron a encender en la Patagonia argentina con un nuevo foco en la zona del kil\u00f3metro 21 de la ruta provincial 6 (R\u00edo Negro) <\/p>\n\n\n\n<p>Fuente: Diario Panorama<\/p>\n","protected":false},"excerpt":{"rendered":"<p>Los focos \u00edgneos se desataron en las provincias de Chubut y R\u00edo Negro, algunas personas recibieron asistencia m\u00e9dica. Preocupaci\u00f3n en&#8230; <a class=\"continue-reading-link\" href=\"https:\/\/nativainfo.com\/?p=1451\">Continue reading<\/a><\/p>\n","protected":false},"author":1,"featured_media":0,"comment_status":"open","ping_status":"open","sticky":false,"template":"","format":"standard","meta":{"rop_custom_images_group":[],"rop_custom_messages_group":[],"rop_publish_now":"initial","rop_publish_now_accounts":[],"rop_publish_now_history":[],"rop_publish_now_status":"pending","footnotes":"","jetpack_publicize_message":"","jetpack_publicize_feature_enabled":true,"jetpack_social_post_already_shared":false,"jetpack_social_options":{"image_generator_settings":{"template":"highway","default_image_id":0,"font":"","enabled":false},"version":2}},"categories":[8,9],"tags":[],"class_list":["post-1451","post","type-post","status-publish","format-standard","hentry","category-noticias","category-pais"],"yoast_head":"<!-- This site is optimized with the Yoast SEO plugin v25.6 - https:\/\/yoast.com\/wordpress\/plugins\/seo\/ -->\n<title>Descontrolado incendio en la Patagonia lleg\u00f3 a zonas urbanas y causa temor en los habitantes - Nativa Info<\/title>\n<meta name=\"robots\" content=\"index, follow, max-snippet:-1, max-image-preview:large, max-video-preview:-1\" \/>\n<link rel=\"canonical\" href=\"https:\/\/nativainfo.com\/?p=1451\" \/>\n<meta property=\"og:locale\" content=\"es_ES\" \/>\n<meta property=\"og:type\" content=\"article\" \/>\n<meta property=\"og:title\" content=\"Descontrolado incendio en la Patagonia lleg\u00f3 a zonas urbanas y causa temor en los habitantes - Nativa Info\" \/>\n<meta property=\"og:description\" content=\"Los focos \u00edgneos se desataron en las provincias de Chubut y R\u00edo Negro, algunas personas recibieron asistencia m\u00e9dica. Preocupaci\u00f3n en... Continue reading\" \/>\n<meta property=\"og:url\" content=\"https:\/\/nativainfo.com\/?p=1451\" \/>\n<meta property=\"og:site_name\" content=\"Nativa Info\" \/>\n<meta property=\"article:publisher\" content=\"https:\/\/www.facebook.com\/profile.php?id=61578881597564\" \/>\n<meta property=\"article:published_time\" content=\"2021-03-10T04:42:18+00:00\" \/>\n<meta property=\"og:image\" content=\"http:\/\/nativainfo.com\/wp-content\/uploads\/2021\/03\/715x402_incendio-patagonia-376623-012802.jpg\" \/>\n<meta name=\"author\" content=\"Nativa Info\" \/>\n<meta name=\"twitter:card\" content=\"summary_large_image\" \/>\n<meta name=\"twitter:label1\" content=\"Escrito por\" \/>\n\t<meta name=\"twitter:data1\" content=\"Nativa Info\" \/>\n\t<meta name=\"twitter:label2\" content=\"Tiempo de lectura\" \/>\n\t<meta name=\"twitter:data2\" content=\"1 minuto\" \/>\n<script type=\"application\/ld+json\" class=\"yoast-schema-graph\">{\"@context\":\"https:\/\/schema.org\",\"@graph\":[{\"@type\":\"Article\",\"@id\":\"https:\/\/nativainfo.com\/?p=1451#article\",\"isPartOf\":{\"@id\":\"https:\/\/nativainfo.com\/?p=1451\"},\"author\":{\"name\":\"Nativa Info\",\"@id\":\"https:\/\/nativainfo.com\/#\/schema\/person\/24893b64a9cd564ddb5d102d36eb4b5c\"},\"headline\":\"Descontrolado incendio en la Patagonia lleg\u00f3 a zonas urbanas y causa temor en los habitantes\",\"datePublished\":\"2021-03-10T04:42:18+00:00\",\"mainEntityOfPage\":{\"@id\":\"https:\/\/nativainfo.com\/?p=1451\"},\"wordCount\":146,\"commentCount\":0,\"publisher\":{\"@id\":\"https:\/\/nativainfo.com\/#organization\"},\"image\":{\"@id\":\"https:\/\/nativainfo.com\/?p=1451#primaryimage\"},\"thumbnailUrl\":\"http:\/\/nativainfo.com\/wp-content\/uploads\/2021\/03\/715x402_incendio-patagonia-376623-012802.jpg\",\"articleSection\":[\"Noticias\",\"Pa\u00eds\"],\"inLanguage\":\"es-AR\",\"potentialAction\":[{\"@type\":\"CommentAction\",\"name\":\"Comment\",\"target\":[\"https:\/\/nativainfo.com\/?p=1451#respond\"]}]},{\"@type\":\"WebPage\",\"@id\":\"https:\/\/nativainfo.com\/?p=1451\",\"url\":\"https:\/\/nativainfo.com\/?p=1451\",\"name\":\"Descontrolado incendio en la Patagonia lleg\u00f3 a zonas urbanas y causa temor en los habitantes - Nativa Info\",\"isPartOf\":{\"@id\":\"https:\/\/nativainfo.com\/#website\"},\"primaryImageOfPage\":{\"@id\":\"https:\/\/nativainfo.com\/?p=1451#primaryimage\"},\"image\":{\"@id\":\"https:\/\/nativainfo.com\/?p=1451#primaryimage\"},\"thumbnailUrl\":\"http:\/\/nativainfo.com\/wp-content\/uploads\/2021\/03\/715x402_incendio-patagonia-376623-012802.jpg\",\"datePublished\":\"2021-03-10T04:42:18+00:00\",\"breadcrumb\":{\"@id\":\"https:\/\/nativainfo.com\/?p=1451#breadcrumb\"},\"inLanguage\":\"es-AR\",\"potentialAction\":[{\"@type\":\"ReadAction\",\"target\":[\"https:\/\/nativainfo.com\/?p=1451\"]}]},{\"@type\":\"ImageObject\",\"inLanguage\":\"es-AR\",\"@id\":\"https:\/\/nativainfo.com\/?p=1451#primaryimage\",\"url\":\"https:\/\/nativainfo.com\/wp-content\/uploads\/2021\/03\/715x402_incendio-patagonia-376623-012802.jpg\",\"contentUrl\":\"https:\/\/nativainfo.com\/wp-content\/uploads\/2021\/03\/715x402_incendio-patagonia-376623-012802.jpg\",\"width\":715,\"height\":402},{\"@type\":\"BreadcrumbList\",\"@id\":\"https:\/\/nativainfo.com\/?p=1451#breadcrumb\",\"itemListElement\":[{\"@type\":\"ListItem\",\"position\":1,\"name\":\"Inicio\",\"item\":\"https:\/\/nativainfo.com\/\"},{\"@type\":\"ListItem\",\"position\":2,\"name\":\"Descontrolado incendio en la Patagonia lleg\u00f3 a zonas urbanas y causa temor en los habitantes\"}]},{\"@type\":\"WebSite\",\"@id\":\"https:\/\/nativainfo.com\/#website\",\"url\":\"https:\/\/nativainfo.com\/\",\"name\":\"Nativa Info\",\"description\":\"Diario Digital\",\"publisher\":{\"@id\":\"https:\/\/nativainfo.com\/#organization\"},\"potentialAction\":[{\"@type\":\"SearchAction\",\"target\":{\"@type\":\"EntryPoint\",\"urlTemplate\":\"https:\/\/nativainfo.com\/?s={search_term_string}\"},\"query-input\":{\"@type\":\"PropertyValueSpecification\",\"valueRequired\":true,\"valueName\":\"search_term_string\"}}],\"inLanguage\":\"es-AR\"},{\"@type\":\"Organization\",\"@id\":\"https:\/\/nativainfo.com\/#organization\",\"name\":\"Nativa Info\",\"url\":\"https:\/\/nativainfo.com\/\",\"logo\":{\"@type\":\"ImageObject\",\"inLanguage\":\"es-AR\",\"@id\":\"https:\/\/nativainfo.com\/#\/schema\/logo\/image\/\",\"url\":\"https:\/\/nativainfo.com\/wp-content\/uploads\/2025\/08\/LOGO-NATIVA-FACE.jpg\",\"contentUrl\":\"https:\/\/nativainfo.com\/wp-content\/uploads\/2025\/08\/LOGO-NATIVA-FACE.jpg\",\"width\":400,\"height\":400,\"caption\":\"Nativa Info\"},\"image\":{\"@id\":\"https:\/\/nativainfo.com\/#\/schema\/logo\/image\/\"},\"sameAs\":[\"https:\/\/www.facebook.com\/profile.php?id=61578881597564\"]},{\"@type\":\"Person\",\"@id\":\"https:\/\/nativainfo.com\/#\/schema\/person\/24893b64a9cd564ddb5d102d36eb4b5c\",\"name\":\"Nativa Info\",\"image\":{\"@type\":\"ImageObject\",\"inLanguage\":\"es-AR\",\"@id\":\"https:\/\/nativainfo.com\/#\/schema\/person\/image\/\",\"url\":\"https:\/\/secure.gravatar.com\/avatar\/016fa1cf068d85136d938e1507b9b619cb766e2565cbb1faa1e571762460c785?s=96&d=mm&r=g\",\"contentUrl\":\"https:\/\/secure.gravatar.com\/avatar\/016fa1cf068d85136d938e1507b9b619cb766e2565cbb1faa1e571762460c785?s=96&d=mm&r=g\",\"caption\":\"Nativa Info\"},\"sameAs\":[\"http:\/\/nativainfo.com\"],\"url\":\"https:\/\/nativainfo.com\/?author=1\"}]}<\/script>\n<!-- \/ Yoast SEO plugin. -->","yoast_head_json":{"title":"Descontrolado incendio en la Patagonia lleg\u00f3 a zonas urbanas y causa temor en los habitantes - Nativa Info","robots":{"index":"index","follow":"follow","max-snippet":"max-snippet:-1","max-image-preview":"max-image-preview:large","max-video-preview":"max-video-preview:-1"},"canonical":"https:\/\/nativainfo.com\/?p=1451","og_locale":"es_ES","og_type":"article","og_title":"Descontrolado incendio en la Patagonia lleg\u00f3 a zonas urbanas y causa temor en los habitantes - Nativa Info","og_description":"Los focos \u00edgneos se desataron en las provincias de Chubut y R\u00edo Negro, algunas personas recibieron asistencia m\u00e9dica. Preocupaci\u00f3n en... Continue reading","og_url":"https:\/\/nativainfo.com\/?p=1451","og_site_name":"Nativa Info","article_publisher":"https:\/\/www.facebook.com\/profile.php?id=61578881597564","article_published_time":"2021-03-10T04:42:18+00:00","og_image":[{"url":"http:\/\/nativainfo.com\/wp-content\/uploads\/2021\/03\/715x402_incendio-patagonia-376623-012802.jpg","type":"","width":"","height":""}],"author":"Nativa Info","twitter_card":"summary_large_image","twitter_misc":{"Escrito por":"Nativa Info","Tiempo de lectura":"1 minuto"},"schema":{"@context":"https:\/\/schema.org","@graph":[{"@type":"Article","@id":"https:\/\/nativainfo.com\/?p=1451#article","isPartOf":{"@id":"https:\/\/nativainfo.com\/?p=1451"},"author":{"name":"Nativa Info","@id":"https:\/\/nativainfo.com\/#\/schema\/person\/24893b64a9cd564ddb5d102d36eb4b5c"},"headline":"Descontrolado incendio en la Patagonia lleg\u00f3 a zonas urbanas y causa temor en los habitantes","datePublished":"2021-03-10T04:42:18+00:00","mainEntityOfPage":{"@id":"https:\/\/nativainfo.com\/?p=1451"},"wordCount":146,"commentCount":0,"publisher":{"@id":"https:\/\/nativainfo.com\/#organization"},"image":{"@id":"https:\/\/nativainfo.com\/?p=1451#primaryimage"},"thumbnailUrl":"http:\/\/nativainfo.com\/wp-content\/uploads\/2021\/03\/715x402_incendio-patagonia-376623-012802.jpg","articleSection":["Noticias","Pa\u00eds"],"inLanguage":"es-AR","potentialAction":[{"@type":"CommentAction","name":"Comment","target":["https:\/\/nativainfo.com\/?p=1451#respond"]}]},{"@type":"WebPage","@id":"https:\/\/nativainfo.com\/?p=1451","url":"https:\/\/nativainfo.com\/?p=1451","name":"Descontrolado incendio en la Patagonia lleg\u00f3 a zonas urbanas y causa temor en los habitantes - Nativa Info","isPartOf":{"@id":"https:\/\/nativainfo.com\/#website"},"primaryImageOfPage":{"@id":"https:\/\/nativainfo.com\/?p=1451#primaryimage"},"image":{"@id":"https:\/\/nativainfo.com\/?p=1451#primaryimage"},"thumbnailUrl":"http:\/\/nativainfo.com\/wp-content\/uploads\/2021\/03\/715x402_incendio-patagonia-376623-012802.jpg","datePublished":"2021-03-10T04:42:18+00:00","breadcrumb":{"@id":"https:\/\/nativainfo.com\/?p=1451#breadcrumb"},"inLanguage":"es-AR","potentialAction":[{"@type":"ReadAction","target":["https:\/\/nativainfo.com\/?p=1451"]}]},{"@type":"ImageObject","inLanguage":"es-AR","@id":"https:\/\/nativainfo.com\/?p=1451#primaryimage","url":"https:\/\/nativainfo.com\/wp-content\/uploads\/2021\/03\/715x402_incendio-patagonia-376623-012802.jpg","contentUrl":"https:\/\/nativainfo.com\/wp-content\/uploads\/2021\/03\/715x402_incendio-patagonia-376623-012802.jpg","width":715,"height":402},{"@type":"BreadcrumbList","@id":"https:\/\/nativainfo.com\/?p=1451#breadcrumb","itemListElement":[{"@type":"ListItem","position":1,"name":"Inicio","item":"https:\/\/nativainfo.com\/"},{"@type":"ListItem","position":2,"name":"Descontrolado incendio en la Patagonia lleg\u00f3 a zonas urbanas y causa temor en los habitantes"}]},{"@type":"WebSite","@id":"https:\/\/nativainfo.com\/#website","url":"https:\/\/nativainfo.com\/","name":"Nativa Info","description":"Diario Digital","publisher":{"@id":"https:\/\/nativainfo.com\/#organization"},"potentialAction":[{"@type":"SearchAction","target":{"@type":"EntryPoint","urlTemplate":"https:\/\/nativainfo.com\/?s={search_term_string}"},"query-input":{"@type":"PropertyValueSpecification","valueRequired":true,"valueName":"search_term_string"}}],"inLanguage":"es-AR"},{"@type":"Organization","@id":"https:\/\/nativainfo.com\/#organization","name":"Nativa Info","url":"https:\/\/nativainfo.com\/","logo":{"@type":"ImageObject","inLanguage":"es-AR","@id":"https:\/\/nativainfo.com\/#\/schema\/logo\/image\/","url":"https:\/\/nativainfo.com\/wp-content\/uploads\/2025\/08\/LOGO-NATIVA-FACE.jpg","contentUrl":"https:\/\/nativainfo.com\/wp-content\/uploads\/2025\/08\/LOGO-NATIVA-FACE.jpg","width":400,"height":400,"caption":"Nativa Info"},"image":{"@id":"https:\/\/nativainfo.com\/#\/schema\/logo\/image\/"},"sameAs":["https:\/\/www.facebook.com\/profile.php?id=61578881597564"]},{"@type":"Person","@id":"https:\/\/nativainfo.com\/#\/schema\/person\/24893b64a9cd564ddb5d102d36eb4b5c","name":"Nativa Info","image":{"@type":"ImageObject","inLanguage":"es-AR","@id":"https:\/\/nativainfo.com\/#\/schema\/person\/image\/","url":"https:\/\/secure.gravatar.com\/avatar\/016fa1cf068d85136d938e1507b9b619cb766e2565cbb1faa1e571762460c785?s=96&d=mm&r=g","contentUrl":"https:\/\/secure.gravatar.com\/avatar\/016fa1cf068d85136d938e1507b9b619cb766e2565cbb1faa1e571762460c785?s=96&d=mm&r=g","caption":"Nativa Info"},"sameAs":["http:\/\/nativainfo.com"],"url":"https:\/\/nativainfo.com\/?author=1"}]}},"jetpack_publicize_connections":[],"_links":{"self":[{"href":"https:\/\/nativainfo.com\/index.php?rest_route=\/wp\/v2\/posts\/1451","targetHints":{"allow":["GET"]}}],"collection":[{"href":"https:\/\/nativainfo.com\/index.php?rest_route=\/wp\/v2\/posts"}],"about":[{"href":"https:\/\/nativainfo.com\/index.php?rest_route=\/wp\/v2\/types\/post"}],"author":[{"embeddable":true,"href":"https:\/\/nativainfo.com\/index.php?rest_route=\/wp\/v2\/users\/1"}],"replies":[{"embeddable":true,"href":"https:\/\/nativainfo.com\/index.php?rest_route=%2Fwp%2Fv2%2Fcomments&post=1451"}],"version-history":[{"count":1,"href":"https:\/\/nativainfo.com\/index.php?rest_route=\/wp\/v2\/posts\/1451\/revisions"}],"predecessor-version":[{"id":1455,"href":"https:\/\/nativainfo.com\/index.php?rest_route=\/wp\/v2\/posts\/1451\/revisions\/1455"}],"wp:attachment":[{"href":"https:\/\/nativainfo.com\/index.php?rest_route=%2Fwp%2Fv2%2Fmedia&parent=1451"}],"wp:term":[{"taxonomy":"category","embeddable":true,"href":"https:\/\/nativainfo.com\/index.php?rest_route=%2Fwp%2Fv2%2Fcategories&post=1451"},{"taxonomy":"post_tag","embeddable":true,"href":"https:\/\/nativainfo.com\/index.php?rest_route=%2Fwp%2Fv2%2Ftags&post=1451"}],"curies":[{"name":"wp","href":"https:\/\/api.w.org\/{rel}","templated":true}]}}