{"id":1443,"date":"2021-03-07T03:26:15","date_gmt":"2021-03-07T06:26:15","guid":{"rendered":"http:\/\/nativainfo.com\/?p=1443"},"modified":"2021-03-07T03:26:15","modified_gmt":"2021-03-07T06:26:15","slug":"estados-unidos-aprobo-un-paquete-de-19-billiones-de-dolares-para-afrontar-la-pandemia","status":"publish","type":"post","link":"https:\/\/nativainfo.com\/?p=1443","title":{"rendered":"Estados Unidos aprob\u00f3 un paquete de 1,9 billiones de d\u00f3lares para afrontar la pandemia"},"content":{"rendered":"\n<p><strong>La ayuda es impulsada por el presidente Joe Biden para reactivar la econom\u00eda afectada por el coronavirus.<\/strong><\/p>\n\n\n\n<figure class=\"wp-block-image size-large\"><img fetchpriority=\"high\" decoding=\"async\" width=\"715\" height=\"402\" src=\"http:\/\/nativainfo.com\/wp-content\/uploads\/2021\/03\/715x402_joe-biden-376361-195205.jpg\" alt=\"\" class=\"wp-image-1445\" srcset=\"https:\/\/nativainfo.com\/wp-content\/uploads\/2021\/03\/715x402_joe-biden-376361-195205.jpg 715w, https:\/\/nativainfo.com\/wp-content\/uploads\/2021\/03\/715x402_joe-biden-376361-195205-300x169.jpg 300w, https:\/\/nativainfo.com\/wp-content\/uploads\/2021\/03\/715x402_joe-biden-376361-195205-623x350.jpg 623w, https:\/\/nativainfo.com\/wp-content\/uploads\/2021\/03\/715x402_joe-biden-376361-195205-150x84.jpg 150w\" sizes=\"(max-width: 715px) 100vw, 715px\" \/><\/figure>\n\n\n\n<p>Despu\u00e9s de horas de debates, negociaciones y una votaci\u00f3n marat\u00f3nica, el Senado de Estados Unidos aprob\u00f3 hoy el plan de ayuda de 1,9 billones de d\u00f3lares impulsado por el presidente Joe Biden para reactivar la primera econom\u00eda mundial, afectada por la pandemia de coronavirus.<\/p>\n\n\n\n<p>El proyecto de ley fue aprobado con los votos de los senadores dem\u00f3cratas, por 50 contra 49, inform\u00f3 la agencia de noticias AFP.<\/p>\n\n\n\n<p>El texto volver\u00e1 la semana que viene a la C\u00e1mara de Representantes, donde los dem\u00f3cratas tienen la mayor\u00eda y deber\u00edan aprobarlo r\u00e1pidamente para que Biden pueda promulgarlo antes del 14 de marzo, fecha en la que finalizan las prestaciones por desempleo del anterior paquete de ayudas.<\/p>\n\n\n\n<p>Fuente: Diario Panorama<\/p>\n","protected":false},"excerpt":{"rendered":"<p>La ayuda es impulsada por el presidente Joe Biden para reactivar la econom\u00eda afectada por el coronavirus. Despu\u00e9s de horas&#8230; <a class=\"continue-reading-link\" href=\"https:\/\/nativainfo.com\/?p=1443\">Continue reading<\/a><\/p>\n","protected":false},"author":1,"featured_media":0,"comment_status":"open","ping_status":"open","sticky":false,"template":"","format":"standard","meta":{"rop_custom_images_group":[],"rop_custom_messages_group":[],"rop_publish_now":"initial","rop_publish_now_accounts":[],"rop_publish_now_history":[],"rop_publish_now_status":"pending","footnotes":"","jetpack_publicize_message":"","jetpack_publicize_feature_enabled":true,"jetpack_social_post_already_shared":false,"jetpack_social_options":{"image_generator_settings":{"template":"highway","default_image_id":0,"font":"","enabled":false},"version":2}},"categories":[14,51],"tags":[],"class_list":["post-1443","post","type-post","status-publish","format-standard","hentry","category-coronavirus","category-ee-uu"],"yoast_head":"<!-- This site is optimized with the Yoast SEO plugin v25.6 - https:\/\/yoast.com\/wordpress\/plugins\/seo\/ -->\n<title>Estados Unidos aprob\u00f3 un paquete de 1,9 billiones de d\u00f3lares para afrontar la pandemia - Nativa Info<\/title>\n<meta name=\"robots\" content=\"index, follow, max-snippet:-1, max-image-preview:large, max-video-preview:-1\" \/>\n<link rel=\"canonical\" href=\"https:\/\/nativainfo.com\/?p=1443\" \/>\n<meta property=\"og:locale\" content=\"es_ES\" \/>\n<meta property=\"og:type\" content=\"article\" \/>\n<meta property=\"og:title\" content=\"Estados Unidos aprob\u00f3 un paquete de 1,9 billiones de d\u00f3lares para afrontar la pandemia - Nativa Info\" \/>\n<meta property=\"og:description\" content=\"La ayuda es impulsada por el presidente Joe Biden para reactivar la econom\u00eda afectada por el coronavirus. Despu\u00e9s de horas... Continue reading\" \/>\n<meta property=\"og:url\" content=\"https:\/\/nativainfo.com\/?p=1443\" \/>\n<meta property=\"og:site_name\" content=\"Nativa Info\" \/>\n<meta property=\"article:publisher\" content=\"https:\/\/www.facebook.com\/profile.php?id=61578881597564\" \/>\n<meta property=\"article:published_time\" content=\"2021-03-07T06:26:15+00:00\" \/>\n<meta property=\"og:image\" content=\"http:\/\/nativainfo.com\/wp-content\/uploads\/2021\/03\/715x402_joe-biden-376361-195205.jpg\" \/>\n<meta name=\"author\" content=\"Nativa Info\" \/>\n<meta name=\"twitter:card\" content=\"summary_large_image\" \/>\n<meta name=\"twitter:label1\" content=\"Escrito por\" \/>\n\t<meta name=\"twitter:data1\" content=\"Nativa Info\" \/>\n\t<meta name=\"twitter:label2\" content=\"Tiempo de lectura\" \/>\n\t<meta name=\"twitter:data2\" content=\"1 minuto\" \/>\n<script type=\"application\/ld+json\" class=\"yoast-schema-graph\">{\"@context\":\"https:\/\/schema.org\",\"@graph\":[{\"@type\":\"Article\",\"@id\":\"https:\/\/nativainfo.com\/?p=1443#article\",\"isPartOf\":{\"@id\":\"https:\/\/nativainfo.com\/?p=1443\"},\"author\":{\"name\":\"Nativa Info\",\"@id\":\"https:\/\/nativainfo.com\/#\/schema\/person\/24893b64a9cd564ddb5d102d36eb4b5c\"},\"headline\":\"Estados Unidos aprob\u00f3 un paquete de 1,9 billiones de d\u00f3lares para afrontar la pandemia\",\"datePublished\":\"2021-03-07T06:26:15+00:00\",\"mainEntityOfPage\":{\"@id\":\"https:\/\/nativainfo.com\/?p=1443\"},\"wordCount\":155,\"commentCount\":0,\"publisher\":{\"@id\":\"https:\/\/nativainfo.com\/#organization\"},\"image\":{\"@id\":\"https:\/\/nativainfo.com\/?p=1443#primaryimage\"},\"thumbnailUrl\":\"http:\/\/nativainfo.com\/wp-content\/uploads\/2021\/03\/715x402_joe-biden-376361-195205.jpg\",\"articleSection\":[\"Coronavirus\",\"EE.UU.\"],\"inLanguage\":\"es-AR\",\"potentialAction\":[{\"@type\":\"CommentAction\",\"name\":\"Comment\",\"target\":[\"https:\/\/nativainfo.com\/?p=1443#respond\"]}]},{\"@type\":\"WebPage\",\"@id\":\"https:\/\/nativainfo.com\/?p=1443\",\"url\":\"https:\/\/nativainfo.com\/?p=1443\",\"name\":\"Estados Unidos aprob\u00f3 un paquete de 1,9 billiones de d\u00f3lares para afrontar la pandemia - Nativa Info\",\"isPartOf\":{\"@id\":\"https:\/\/nativainfo.com\/#website\"},\"primaryImageOfPage\":{\"@id\":\"https:\/\/nativainfo.com\/?p=1443#primaryimage\"},\"image\":{\"@id\":\"https:\/\/nativainfo.com\/?p=1443#primaryimage\"},\"thumbnailUrl\":\"http:\/\/nativainfo.com\/wp-content\/uploads\/2021\/03\/715x402_joe-biden-376361-195205.jpg\",\"datePublished\":\"2021-03-07T06:26:15+00:00\",\"breadcrumb\":{\"@id\":\"https:\/\/nativainfo.com\/?p=1443#breadcrumb\"},\"inLanguage\":\"es-AR\",\"potentialAction\":[{\"@type\":\"ReadAction\",\"target\":[\"https:\/\/nativainfo.com\/?p=1443\"]}]},{\"@type\":\"ImageObject\",\"inLanguage\":\"es-AR\",\"@id\":\"https:\/\/nativainfo.com\/?p=1443#primaryimage\",\"url\":\"https:\/\/nativainfo.com\/wp-content\/uploads\/2021\/03\/715x402_joe-biden-376361-195205.jpg\",\"contentUrl\":\"https:\/\/nativainfo.com\/wp-content\/uploads\/2021\/03\/715x402_joe-biden-376361-195205.jpg\",\"width\":715,\"height\":402},{\"@type\":\"BreadcrumbList\",\"@id\":\"https:\/\/nativainfo.com\/?p=1443#breadcrumb\",\"itemListElement\":[{\"@type\":\"ListItem\",\"position\":1,\"name\":\"Inicio\",\"item\":\"https:\/\/nativainfo.com\/\"},{\"@type\":\"ListItem\",\"position\":2,\"name\":\"Estados Unidos aprob\u00f3 un paquete de 1,9 billiones de d\u00f3lares para afrontar la pandemia\"}]},{\"@type\":\"WebSite\",\"@id\":\"https:\/\/nativainfo.com\/#website\",\"url\":\"https:\/\/nativainfo.com\/\",\"name\":\"Nativa Info\",\"description\":\"Diario Digital\",\"publisher\":{\"@id\":\"https:\/\/nativainfo.com\/#organization\"},\"potentialAction\":[{\"@type\":\"SearchAction\",\"target\":{\"@type\":\"EntryPoint\",\"urlTemplate\":\"https:\/\/nativainfo.com\/?s={search_term_string}\"},\"query-input\":{\"@type\":\"PropertyValueSpecification\",\"valueRequired\":true,\"valueName\":\"search_term_string\"}}],\"inLanguage\":\"es-AR\"},{\"@type\":\"Organization\",\"@id\":\"https:\/\/nativainfo.com\/#organization\",\"name\":\"Nativa Info\",\"url\":\"https:\/\/nativainfo.com\/\",\"logo\":{\"@type\":\"ImageObject\",\"inLanguage\":\"es-AR\",\"@id\":\"https:\/\/nativainfo.com\/#\/schema\/logo\/image\/\",\"url\":\"https:\/\/nativainfo.com\/wp-content\/uploads\/2025\/08\/LOGO-NATIVA-FACE.jpg\",\"contentUrl\":\"https:\/\/nativainfo.com\/wp-content\/uploads\/2025\/08\/LOGO-NATIVA-FACE.jpg\",\"width\":400,\"height\":400,\"caption\":\"Nativa Info\"},\"image\":{\"@id\":\"https:\/\/nativainfo.com\/#\/schema\/logo\/image\/\"},\"sameAs\":[\"https:\/\/www.facebook.com\/profile.php?id=61578881597564\"]},{\"@type\":\"Person\",\"@id\":\"https:\/\/nativainfo.com\/#\/schema\/person\/24893b64a9cd564ddb5d102d36eb4b5c\",\"name\":\"Nativa Info\",\"image\":{\"@type\":\"ImageObject\",\"inLanguage\":\"es-AR\",\"@id\":\"https:\/\/nativainfo.com\/#\/schema\/person\/image\/\",\"url\":\"https:\/\/secure.gravatar.com\/avatar\/016fa1cf068d85136d938e1507b9b619cb766e2565cbb1faa1e571762460c785?s=96&d=mm&r=g\",\"contentUrl\":\"https:\/\/secure.gravatar.com\/avatar\/016fa1cf068d85136d938e1507b9b619cb766e2565cbb1faa1e571762460c785?s=96&d=mm&r=g\",\"caption\":\"Nativa Info\"},\"sameAs\":[\"http:\/\/nativainfo.com\"],\"url\":\"https:\/\/nativainfo.com\/?author=1\"}]}<\/script>\n<!-- \/ Yoast SEO plugin. -->","yoast_head_json":{"title":"Estados Unidos aprob\u00f3 un paquete de 1,9 billiones de d\u00f3lares para afrontar la pandemia - Nativa Info","robots":{"index":"index","follow":"follow","max-snippet":"max-snippet:-1","max-image-preview":"max-image-preview:large","max-video-preview":"max-video-preview:-1"},"canonical":"https:\/\/nativainfo.com\/?p=1443","og_locale":"es_ES","og_type":"article","og_title":"Estados Unidos aprob\u00f3 un paquete de 1,9 billiones de d\u00f3lares para afrontar la pandemia - Nativa Info","og_description":"La ayuda es impulsada por el presidente Joe Biden para reactivar la econom\u00eda afectada por el coronavirus. Despu\u00e9s de horas... Continue reading","og_url":"https:\/\/nativainfo.com\/?p=1443","og_site_name":"Nativa Info","article_publisher":"https:\/\/www.facebook.com\/profile.php?id=61578881597564","article_published_time":"2021-03-07T06:26:15+00:00","og_image":[{"url":"http:\/\/nativainfo.com\/wp-content\/uploads\/2021\/03\/715x402_joe-biden-376361-195205.jpg","type":"","width":"","height":""}],"author":"Nativa Info","twitter_card":"summary_large_image","twitter_misc":{"Escrito por":"Nativa Info","Tiempo de lectura":"1 minuto"},"schema":{"@context":"https:\/\/schema.org","@graph":[{"@type":"Article","@id":"https:\/\/nativainfo.com\/?p=1443#article","isPartOf":{"@id":"https:\/\/nativainfo.com\/?p=1443"},"author":{"name":"Nativa Info","@id":"https:\/\/nativainfo.com\/#\/schema\/person\/24893b64a9cd564ddb5d102d36eb4b5c"},"headline":"Estados Unidos aprob\u00f3 un paquete de 1,9 billiones de d\u00f3lares para afrontar la pandemia","datePublished":"2021-03-07T06:26:15+00:00","mainEntityOfPage":{"@id":"https:\/\/nativainfo.com\/?p=1443"},"wordCount":155,"commentCount":0,"publisher":{"@id":"https:\/\/nativainfo.com\/#organization"},"image":{"@id":"https:\/\/nativainfo.com\/?p=1443#primaryimage"},"thumbnailUrl":"http:\/\/nativainfo.com\/wp-content\/uploads\/2021\/03\/715x402_joe-biden-376361-195205.jpg","articleSection":["Coronavirus","EE.UU."],"inLanguage":"es-AR","potentialAction":[{"@type":"CommentAction","name":"Comment","target":["https:\/\/nativainfo.com\/?p=1443#respond"]}]},{"@type":"WebPage","@id":"https:\/\/nativainfo.com\/?p=1443","url":"https:\/\/nativainfo.com\/?p=1443","name":"Estados Unidos aprob\u00f3 un paquete de 1,9 billiones de d\u00f3lares para afrontar la pandemia - Nativa Info","isPartOf":{"@id":"https:\/\/nativainfo.com\/#website"},"primaryImageOfPage":{"@id":"https:\/\/nativainfo.com\/?p=1443#primaryimage"},"image":{"@id":"https:\/\/nativainfo.com\/?p=1443#primaryimage"},"thumbnailUrl":"http:\/\/nativainfo.com\/wp-content\/uploads\/2021\/03\/715x402_joe-biden-376361-195205.jpg","datePublished":"2021-03-07T06:26:15+00:00","breadcrumb":{"@id":"https:\/\/nativainfo.com\/?p=1443#breadcrumb"},"inLanguage":"es-AR","potentialAction":[{"@type":"ReadAction","target":["https:\/\/nativainfo.com\/?p=1443"]}]},{"@type":"ImageObject","inLanguage":"es-AR","@id":"https:\/\/nativainfo.com\/?p=1443#primaryimage","url":"https:\/\/nativainfo.com\/wp-content\/uploads\/2021\/03\/715x402_joe-biden-376361-195205.jpg","contentUrl":"https:\/\/nativainfo.com\/wp-content\/uploads\/2021\/03\/715x402_joe-biden-376361-195205.jpg","width":715,"height":402},{"@type":"BreadcrumbList","@id":"https:\/\/nativainfo.com\/?p=1443#breadcrumb","itemListElement":[{"@type":"ListItem","position":1,"name":"Inicio","item":"https:\/\/nativainfo.com\/"},{"@type":"ListItem","position":2,"name":"Estados Unidos aprob\u00f3 un paquete de 1,9 billiones de d\u00f3lares para afrontar la pandemia"}]},{"@type":"WebSite","@id":"https:\/\/nativainfo.com\/#website","url":"https:\/\/nativainfo.com\/","name":"Nativa Info","description":"Diario Digital","publisher":{"@id":"https:\/\/nativainfo.com\/#organization"},"potentialAction":[{"@type":"SearchAction","target":{"@type":"EntryPoint","urlTemplate":"https:\/\/nativainfo.com\/?s={search_term_string}"},"query-input":{"@type":"PropertyValueSpecification","valueRequired":true,"valueName":"search_term_string"}}],"inLanguage":"es-AR"},{"@type":"Organization","@id":"https:\/\/nativainfo.com\/#organization","name":"Nativa Info","url":"https:\/\/nativainfo.com\/","logo":{"@type":"ImageObject","inLanguage":"es-AR","@id":"https:\/\/nativainfo.com\/#\/schema\/logo\/image\/","url":"https:\/\/nativainfo.com\/wp-content\/uploads\/2025\/08\/LOGO-NATIVA-FACE.jpg","contentUrl":"https:\/\/nativainfo.com\/wp-content\/uploads\/2025\/08\/LOGO-NATIVA-FACE.jpg","width":400,"height":400,"caption":"Nativa Info"},"image":{"@id":"https:\/\/nativainfo.com\/#\/schema\/logo\/image\/"},"sameAs":["https:\/\/www.facebook.com\/profile.php?id=61578881597564"]},{"@type":"Person","@id":"https:\/\/nativainfo.com\/#\/schema\/person\/24893b64a9cd564ddb5d102d36eb4b5c","name":"Nativa Info","image":{"@type":"ImageObject","inLanguage":"es-AR","@id":"https:\/\/nativainfo.com\/#\/schema\/person\/image\/","url":"https:\/\/secure.gravatar.com\/avatar\/016fa1cf068d85136d938e1507b9b619cb766e2565cbb1faa1e571762460c785?s=96&d=mm&r=g","contentUrl":"https:\/\/secure.gravatar.com\/avatar\/016fa1cf068d85136d938e1507b9b619cb766e2565cbb1faa1e571762460c785?s=96&d=mm&r=g","caption":"Nativa Info"},"sameAs":["http:\/\/nativainfo.com"],"url":"https:\/\/nativainfo.com\/?author=1"}]}},"jetpack_publicize_connections":[],"_links":{"self":[{"href":"https:\/\/nativainfo.com\/index.php?rest_route=\/wp\/v2\/posts\/1443","targetHints":{"allow":["GET"]}}],"collection":[{"href":"https:\/\/nativainfo.com\/index.php?rest_route=\/wp\/v2\/posts"}],"about":[{"href":"https:\/\/nativainfo.com\/index.php?rest_route=\/wp\/v2\/types\/post"}],"author":[{"embeddable":true,"href":"https:\/\/nativainfo.com\/index.php?rest_route=\/wp\/v2\/users\/1"}],"replies":[{"embeddable":true,"href":"https:\/\/nativainfo.com\/index.php?rest_route=%2Fwp%2Fv2%2Fcomments&post=1443"}],"version-history":[{"count":1,"href":"https:\/\/nativainfo.com\/index.php?rest_route=\/wp\/v2\/posts\/1443\/revisions"}],"predecessor-version":[{"id":1448,"href":"https:\/\/nativainfo.com\/index.php?rest_route=\/wp\/v2\/posts\/1443\/revisions\/1448"}],"wp:attachment":[{"href":"https:\/\/nativainfo.com\/index.php?rest_route=%2Fwp%2Fv2%2Fmedia&parent=1443"}],"wp:term":[{"taxonomy":"category","embeddable":true,"href":"https:\/\/nativainfo.com\/index.php?rest_route=%2Fwp%2Fv2%2Fcategories&post=1443"},{"taxonomy":"post_tag","embeddable":true,"href":"https:\/\/nativainfo.com\/index.php?rest_route=%2Fwp%2Fv2%2Ftags&post=1443"}],"curies":[{"name":"wp","href":"https:\/\/api.w.org\/{rel}","templated":true}]}}