{"id":1427,"date":"2021-03-04T00:11:07","date_gmt":"2021-03-04T03:11:07","guid":{"rendered":"http:\/\/nativainfo.com\/?p=1427"},"modified":"2021-03-04T00:11:07","modified_gmt":"2021-03-04T03:11:07","slug":"el-presidente-vendra-a-santiago-del-estero-para-la-inauguracion-del-estadio-unico-madre-de-ciudades","status":"publish","type":"post","link":"https:\/\/nativainfo.com\/?p=1427","title":{"rendered":"El Presidente vendr\u00e1 a Santiago del Estero para la inauguraci\u00f3n del estadio \u00danico Madre de Ciudades"},"content":{"rendered":"\n<p><strong>Alberto Fern\u00e1ndez estar\u00e1 presente en el partido inaugural del estadio de nuestra provincia entre River y Racing por la final de la Supercopa Argentina. El acto comenzar\u00e1 a las 20.45.<\/strong><\/p>\n\n\n\n<figure class=\"wp-block-image size-large\"><img fetchpriority=\"high\" decoding=\"async\" width=\"715\" height=\"402\" src=\"http:\/\/nativainfo.com\/wp-content\/uploads\/2021\/03\/715x402_alberto-fernandez-zamora-351202-124623.jpg\" alt=\"\" class=\"wp-image-1428\" srcset=\"https:\/\/nativainfo.com\/wp-content\/uploads\/2021\/03\/715x402_alberto-fernandez-zamora-351202-124623.jpg 715w, https:\/\/nativainfo.com\/wp-content\/uploads\/2021\/03\/715x402_alberto-fernandez-zamora-351202-124623-300x169.jpg 300w, https:\/\/nativainfo.com\/wp-content\/uploads\/2021\/03\/715x402_alberto-fernandez-zamora-351202-124623-623x350.jpg 623w, https:\/\/nativainfo.com\/wp-content\/uploads\/2021\/03\/715x402_alberto-fernandez-zamora-351202-124623-150x84.jpg 150w\" sizes=\"(max-width: 715px) 100vw, 715px\" \/><\/figure>\n\n\n\n<p>Este jueves a las 22.10, el estadio \u00danico Madre de Ciudades tendr\u00e1 su primer partido oficial con la final de la Supercopa Argentina entre River y Racing.<\/p>\n\n\n\n<p>Este cotejo, contar\u00e1 con la presencia del presidente Alberto Fern\u00e1ndez, seg\u00fan le confirmaron voceros oficiales a Diario Panorama. El mandatario dar\u00e1 el puntapi\u00e9 inicial en el acto. El Jefe de Estado estar\u00e1 en el corte de cinta, aunque no se quedar\u00eda a ver el partido entre el Millonario y la Academia por cuestiones de agenda.<\/p>\n\n\n\n<p>Fuente: Diario Panorama<\/p>\n","protected":false},"excerpt":{"rendered":"<p>Alberto Fern\u00e1ndez estar\u00e1 presente en el partido inaugural del estadio de nuestra provincia entre River y Racing por la final&#8230; <a class=\"continue-reading-link\" href=\"https:\/\/nativainfo.com\/?p=1427\">Continue reading<\/a><\/p>\n","protected":false},"author":1,"featured_media":0,"comment_status":"open","ping_status":"open","sticky":false,"template":"","format":"standard","meta":{"rop_custom_images_group":[],"rop_custom_messages_group":[],"rop_publish_now":"initial","rop_publish_now_accounts":[],"rop_publish_now_history":[],"rop_publish_now_status":"pending","footnotes":"","jetpack_publicize_message":"","jetpack_publicize_feature_enabled":true,"jetpack_social_post_already_shared":false,"jetpack_social_options":{"image_generator_settings":{"template":"highway","default_image_id":0,"font":"","enabled":false},"version":2}},"categories":[8,40],"tags":[],"class_list":["post-1427","post","type-post","status-publish","format-standard","hentry","category-noticias","category-santiago-del-estero"],"yoast_head":"<!-- This site is optimized with the Yoast SEO plugin v25.6 - https:\/\/yoast.com\/wordpress\/plugins\/seo\/ -->\n<title>El Presidente vendr\u00e1 a Santiago del Estero para la inauguraci\u00f3n del estadio \u00danico Madre de Ciudades - Nativa Info<\/title>\n<meta name=\"robots\" content=\"index, follow, max-snippet:-1, max-image-preview:large, max-video-preview:-1\" \/>\n<link rel=\"canonical\" href=\"https:\/\/nativainfo.com\/?p=1427\" \/>\n<meta property=\"og:locale\" content=\"es_ES\" \/>\n<meta property=\"og:type\" content=\"article\" \/>\n<meta property=\"og:title\" content=\"El Presidente vendr\u00e1 a Santiago del Estero para la inauguraci\u00f3n del estadio \u00danico Madre de Ciudades - Nativa Info\" \/>\n<meta property=\"og:description\" content=\"Alberto Fern\u00e1ndez estar\u00e1 presente en el partido inaugural del estadio de nuestra provincia entre River y Racing por la final... Continue reading\" \/>\n<meta property=\"og:url\" content=\"https:\/\/nativainfo.com\/?p=1427\" \/>\n<meta property=\"og:site_name\" content=\"Nativa Info\" \/>\n<meta property=\"article:publisher\" content=\"https:\/\/www.facebook.com\/profile.php?id=61578881597564\" \/>\n<meta property=\"article:published_time\" content=\"2021-03-04T03:11:07+00:00\" \/>\n<meta property=\"og:image\" content=\"http:\/\/nativainfo.com\/wp-content\/uploads\/2021\/03\/715x402_alberto-fernandez-zamora-351202-124623.jpg\" \/>\n<meta name=\"author\" content=\"Nativa Info\" \/>\n<meta name=\"twitter:card\" content=\"summary_large_image\" \/>\n<meta name=\"twitter:label1\" content=\"Escrito por\" \/>\n\t<meta name=\"twitter:data1\" content=\"Nativa Info\" \/>\n\t<meta name=\"twitter:label2\" content=\"Tiempo de lectura\" \/>\n\t<meta name=\"twitter:data2\" content=\"1 minuto\" \/>\n<script type=\"application\/ld+json\" class=\"yoast-schema-graph\">{\"@context\":\"https:\/\/schema.org\",\"@graph\":[{\"@type\":\"Article\",\"@id\":\"https:\/\/nativainfo.com\/?p=1427#article\",\"isPartOf\":{\"@id\":\"https:\/\/nativainfo.com\/?p=1427\"},\"author\":{\"name\":\"Nativa Info\",\"@id\":\"https:\/\/nativainfo.com\/#\/schema\/person\/24893b64a9cd564ddb5d102d36eb4b5c\"},\"headline\":\"El Presidente vendr\u00e1 a Santiago del Estero para la inauguraci\u00f3n del estadio \u00danico Madre de Ciudades\",\"datePublished\":\"2021-03-04T03:11:07+00:00\",\"mainEntityOfPage\":{\"@id\":\"https:\/\/nativainfo.com\/?p=1427\"},\"wordCount\":134,\"commentCount\":0,\"publisher\":{\"@id\":\"https:\/\/nativainfo.com\/#organization\"},\"image\":{\"@id\":\"https:\/\/nativainfo.com\/?p=1427#primaryimage\"},\"thumbnailUrl\":\"http:\/\/nativainfo.com\/wp-content\/uploads\/2021\/03\/715x402_alberto-fernandez-zamora-351202-124623.jpg\",\"articleSection\":[\"Noticias\",\"Santiago del Estero\"],\"inLanguage\":\"es-AR\",\"potentialAction\":[{\"@type\":\"CommentAction\",\"name\":\"Comment\",\"target\":[\"https:\/\/nativainfo.com\/?p=1427#respond\"]}]},{\"@type\":\"WebPage\",\"@id\":\"https:\/\/nativainfo.com\/?p=1427\",\"url\":\"https:\/\/nativainfo.com\/?p=1427\",\"name\":\"El Presidente vendr\u00e1 a Santiago del Estero para la inauguraci\u00f3n del estadio \u00danico Madre de Ciudades - Nativa Info\",\"isPartOf\":{\"@id\":\"https:\/\/nativainfo.com\/#website\"},\"primaryImageOfPage\":{\"@id\":\"https:\/\/nativainfo.com\/?p=1427#primaryimage\"},\"image\":{\"@id\":\"https:\/\/nativainfo.com\/?p=1427#primaryimage\"},\"thumbnailUrl\":\"http:\/\/nativainfo.com\/wp-content\/uploads\/2021\/03\/715x402_alberto-fernandez-zamora-351202-124623.jpg\",\"datePublished\":\"2021-03-04T03:11:07+00:00\",\"breadcrumb\":{\"@id\":\"https:\/\/nativainfo.com\/?p=1427#breadcrumb\"},\"inLanguage\":\"es-AR\",\"potentialAction\":[{\"@type\":\"ReadAction\",\"target\":[\"https:\/\/nativainfo.com\/?p=1427\"]}]},{\"@type\":\"ImageObject\",\"inLanguage\":\"es-AR\",\"@id\":\"https:\/\/nativainfo.com\/?p=1427#primaryimage\",\"url\":\"https:\/\/nativainfo.com\/wp-content\/uploads\/2021\/03\/715x402_alberto-fernandez-zamora-351202-124623.jpg\",\"contentUrl\":\"https:\/\/nativainfo.com\/wp-content\/uploads\/2021\/03\/715x402_alberto-fernandez-zamora-351202-124623.jpg\",\"width\":715,\"height\":402},{\"@type\":\"BreadcrumbList\",\"@id\":\"https:\/\/nativainfo.com\/?p=1427#breadcrumb\",\"itemListElement\":[{\"@type\":\"ListItem\",\"position\":1,\"name\":\"Inicio\",\"item\":\"https:\/\/nativainfo.com\/\"},{\"@type\":\"ListItem\",\"position\":2,\"name\":\"El Presidente vendr\u00e1 a Santiago del Estero para la inauguraci\u00f3n del estadio \u00danico Madre de Ciudades\"}]},{\"@type\":\"WebSite\",\"@id\":\"https:\/\/nativainfo.com\/#website\",\"url\":\"https:\/\/nativainfo.com\/\",\"name\":\"Nativa Info\",\"description\":\"Diario Digital\",\"publisher\":{\"@id\":\"https:\/\/nativainfo.com\/#organization\"},\"potentialAction\":[{\"@type\":\"SearchAction\",\"target\":{\"@type\":\"EntryPoint\",\"urlTemplate\":\"https:\/\/nativainfo.com\/?s={search_term_string}\"},\"query-input\":{\"@type\":\"PropertyValueSpecification\",\"valueRequired\":true,\"valueName\":\"search_term_string\"}}],\"inLanguage\":\"es-AR\"},{\"@type\":\"Organization\",\"@id\":\"https:\/\/nativainfo.com\/#organization\",\"name\":\"Nativa Info\",\"url\":\"https:\/\/nativainfo.com\/\",\"logo\":{\"@type\":\"ImageObject\",\"inLanguage\":\"es-AR\",\"@id\":\"https:\/\/nativainfo.com\/#\/schema\/logo\/image\/\",\"url\":\"https:\/\/nativainfo.com\/wp-content\/uploads\/2025\/08\/LOGO-NATIVA-FACE.jpg\",\"contentUrl\":\"https:\/\/nativainfo.com\/wp-content\/uploads\/2025\/08\/LOGO-NATIVA-FACE.jpg\",\"width\":400,\"height\":400,\"caption\":\"Nativa Info\"},\"image\":{\"@id\":\"https:\/\/nativainfo.com\/#\/schema\/logo\/image\/\"},\"sameAs\":[\"https:\/\/www.facebook.com\/profile.php?id=61578881597564\"]},{\"@type\":\"Person\",\"@id\":\"https:\/\/nativainfo.com\/#\/schema\/person\/24893b64a9cd564ddb5d102d36eb4b5c\",\"name\":\"Nativa Info\",\"image\":{\"@type\":\"ImageObject\",\"inLanguage\":\"es-AR\",\"@id\":\"https:\/\/nativainfo.com\/#\/schema\/person\/image\/\",\"url\":\"https:\/\/secure.gravatar.com\/avatar\/016fa1cf068d85136d938e1507b9b619cb766e2565cbb1faa1e571762460c785?s=96&d=mm&r=g\",\"contentUrl\":\"https:\/\/secure.gravatar.com\/avatar\/016fa1cf068d85136d938e1507b9b619cb766e2565cbb1faa1e571762460c785?s=96&d=mm&r=g\",\"caption\":\"Nativa Info\"},\"sameAs\":[\"http:\/\/nativainfo.com\"],\"url\":\"https:\/\/nativainfo.com\/?author=1\"}]}<\/script>\n<!-- \/ Yoast SEO plugin. -->","yoast_head_json":{"title":"El Presidente vendr\u00e1 a Santiago del Estero para la inauguraci\u00f3n del estadio \u00danico Madre de Ciudades - Nativa Info","robots":{"index":"index","follow":"follow","max-snippet":"max-snippet:-1","max-image-preview":"max-image-preview:large","max-video-preview":"max-video-preview:-1"},"canonical":"https:\/\/nativainfo.com\/?p=1427","og_locale":"es_ES","og_type":"article","og_title":"El Presidente vendr\u00e1 a Santiago del Estero para la inauguraci\u00f3n del estadio \u00danico Madre de Ciudades - Nativa Info","og_description":"Alberto Fern\u00e1ndez estar\u00e1 presente en el partido inaugural del estadio de nuestra provincia entre River y Racing por la final... Continue reading","og_url":"https:\/\/nativainfo.com\/?p=1427","og_site_name":"Nativa Info","article_publisher":"https:\/\/www.facebook.com\/profile.php?id=61578881597564","article_published_time":"2021-03-04T03:11:07+00:00","og_image":[{"url":"http:\/\/nativainfo.com\/wp-content\/uploads\/2021\/03\/715x402_alberto-fernandez-zamora-351202-124623.jpg","type":"","width":"","height":""}],"author":"Nativa Info","twitter_card":"summary_large_image","twitter_misc":{"Escrito por":"Nativa Info","Tiempo de lectura":"1 minuto"},"schema":{"@context":"https:\/\/schema.org","@graph":[{"@type":"Article","@id":"https:\/\/nativainfo.com\/?p=1427#article","isPartOf":{"@id":"https:\/\/nativainfo.com\/?p=1427"},"author":{"name":"Nativa Info","@id":"https:\/\/nativainfo.com\/#\/schema\/person\/24893b64a9cd564ddb5d102d36eb4b5c"},"headline":"El Presidente vendr\u00e1 a Santiago del Estero para la inauguraci\u00f3n del estadio \u00danico Madre de Ciudades","datePublished":"2021-03-04T03:11:07+00:00","mainEntityOfPage":{"@id":"https:\/\/nativainfo.com\/?p=1427"},"wordCount":134,"commentCount":0,"publisher":{"@id":"https:\/\/nativainfo.com\/#organization"},"image":{"@id":"https:\/\/nativainfo.com\/?p=1427#primaryimage"},"thumbnailUrl":"http:\/\/nativainfo.com\/wp-content\/uploads\/2021\/03\/715x402_alberto-fernandez-zamora-351202-124623.jpg","articleSection":["Noticias","Santiago del Estero"],"inLanguage":"es-AR","potentialAction":[{"@type":"CommentAction","name":"Comment","target":["https:\/\/nativainfo.com\/?p=1427#respond"]}]},{"@type":"WebPage","@id":"https:\/\/nativainfo.com\/?p=1427","url":"https:\/\/nativainfo.com\/?p=1427","name":"El Presidente vendr\u00e1 a Santiago del Estero para la inauguraci\u00f3n del estadio \u00danico Madre de Ciudades - Nativa Info","isPartOf":{"@id":"https:\/\/nativainfo.com\/#website"},"primaryImageOfPage":{"@id":"https:\/\/nativainfo.com\/?p=1427#primaryimage"},"image":{"@id":"https:\/\/nativainfo.com\/?p=1427#primaryimage"},"thumbnailUrl":"http:\/\/nativainfo.com\/wp-content\/uploads\/2021\/03\/715x402_alberto-fernandez-zamora-351202-124623.jpg","datePublished":"2021-03-04T03:11:07+00:00","breadcrumb":{"@id":"https:\/\/nativainfo.com\/?p=1427#breadcrumb"},"inLanguage":"es-AR","potentialAction":[{"@type":"ReadAction","target":["https:\/\/nativainfo.com\/?p=1427"]}]},{"@type":"ImageObject","inLanguage":"es-AR","@id":"https:\/\/nativainfo.com\/?p=1427#primaryimage","url":"https:\/\/nativainfo.com\/wp-content\/uploads\/2021\/03\/715x402_alberto-fernandez-zamora-351202-124623.jpg","contentUrl":"https:\/\/nativainfo.com\/wp-content\/uploads\/2021\/03\/715x402_alberto-fernandez-zamora-351202-124623.jpg","width":715,"height":402},{"@type":"BreadcrumbList","@id":"https:\/\/nativainfo.com\/?p=1427#breadcrumb","itemListElement":[{"@type":"ListItem","position":1,"name":"Inicio","item":"https:\/\/nativainfo.com\/"},{"@type":"ListItem","position":2,"name":"El Presidente vendr\u00e1 a Santiago del Estero para la inauguraci\u00f3n del estadio \u00danico Madre de Ciudades"}]},{"@type":"WebSite","@id":"https:\/\/nativainfo.com\/#website","url":"https:\/\/nativainfo.com\/","name":"Nativa Info","description":"Diario Digital","publisher":{"@id":"https:\/\/nativainfo.com\/#organization"},"potentialAction":[{"@type":"SearchAction","target":{"@type":"EntryPoint","urlTemplate":"https:\/\/nativainfo.com\/?s={search_term_string}"},"query-input":{"@type":"PropertyValueSpecification","valueRequired":true,"valueName":"search_term_string"}}],"inLanguage":"es-AR"},{"@type":"Organization","@id":"https:\/\/nativainfo.com\/#organization","name":"Nativa Info","url":"https:\/\/nativainfo.com\/","logo":{"@type":"ImageObject","inLanguage":"es-AR","@id":"https:\/\/nativainfo.com\/#\/schema\/logo\/image\/","url":"https:\/\/nativainfo.com\/wp-content\/uploads\/2025\/08\/LOGO-NATIVA-FACE.jpg","contentUrl":"https:\/\/nativainfo.com\/wp-content\/uploads\/2025\/08\/LOGO-NATIVA-FACE.jpg","width":400,"height":400,"caption":"Nativa Info"},"image":{"@id":"https:\/\/nativainfo.com\/#\/schema\/logo\/image\/"},"sameAs":["https:\/\/www.facebook.com\/profile.php?id=61578881597564"]},{"@type":"Person","@id":"https:\/\/nativainfo.com\/#\/schema\/person\/24893b64a9cd564ddb5d102d36eb4b5c","name":"Nativa Info","image":{"@type":"ImageObject","inLanguage":"es-AR","@id":"https:\/\/nativainfo.com\/#\/schema\/person\/image\/","url":"https:\/\/secure.gravatar.com\/avatar\/016fa1cf068d85136d938e1507b9b619cb766e2565cbb1faa1e571762460c785?s=96&d=mm&r=g","contentUrl":"https:\/\/secure.gravatar.com\/avatar\/016fa1cf068d85136d938e1507b9b619cb766e2565cbb1faa1e571762460c785?s=96&d=mm&r=g","caption":"Nativa Info"},"sameAs":["http:\/\/nativainfo.com"],"url":"https:\/\/nativainfo.com\/?author=1"}]}},"jetpack_publicize_connections":[],"_links":{"self":[{"href":"https:\/\/nativainfo.com\/index.php?rest_route=\/wp\/v2\/posts\/1427","targetHints":{"allow":["GET"]}}],"collection":[{"href":"https:\/\/nativainfo.com\/index.php?rest_route=\/wp\/v2\/posts"}],"about":[{"href":"https:\/\/nativainfo.com\/index.php?rest_route=\/wp\/v2\/types\/post"}],"author":[{"embeddable":true,"href":"https:\/\/nativainfo.com\/index.php?rest_route=\/wp\/v2\/users\/1"}],"replies":[{"embeddable":true,"href":"https:\/\/nativainfo.com\/index.php?rest_route=%2Fwp%2Fv2%2Fcomments&post=1427"}],"version-history":[{"count":1,"href":"https:\/\/nativainfo.com\/index.php?rest_route=\/wp\/v2\/posts\/1427\/revisions"}],"predecessor-version":[{"id":1429,"href":"https:\/\/nativainfo.com\/index.php?rest_route=\/wp\/v2\/posts\/1427\/revisions\/1429"}],"wp:attachment":[{"href":"https:\/\/nativainfo.com\/index.php?rest_route=%2Fwp%2Fv2%2Fmedia&parent=1427"}],"wp:term":[{"taxonomy":"category","embeddable":true,"href":"https:\/\/nativainfo.com\/index.php?rest_route=%2Fwp%2Fv2%2Fcategories&post=1427"},{"taxonomy":"post_tag","embeddable":true,"href":"https:\/\/nativainfo.com\/index.php?rest_route=%2Fwp%2Fv2%2Ftags&post=1427"}],"curies":[{"name":"wp","href":"https:\/\/api.w.org\/{rel}","templated":true}]}}