{"id":1413,"date":"2021-03-01T09:39:51","date_gmt":"2021-03-01T12:39:51","guid":{"rendered":"http:\/\/nativainfo.com\/?p=1413"},"modified":"2021-03-01T09:39:51","modified_gmt":"2021-03-01T12:39:51","slug":"barcelona-detuvieron-a-josep-maria-bartomeu-ex-presidente-del-club","status":"publish","type":"post","link":"https:\/\/nativainfo.com\/?p=1413","title":{"rendered":"Barcelona: detuvieron a Josep Mar\u00eda Bartomeu, ex presidente del club"},"content":{"rendered":"\n<p><strong>Josep Maria Bartomeu,<\/strong>\u00a0expresidente del\u00a0<strong>FC Barcelona, fue detenido<\/strong>\u00a0este lunes como consecuencia de las investigaciones sobre el<strong>\u00a0Bar\u00e7agate.<\/strong>\u00a0Adem\u00e1s, la polic\u00eda catalana ha entrado la ma\u00f1ana de este lunes en las oficinas del club para efectuar un registro, seg\u00fan adelant\u00f3 la Cadena Ser y luego confirm\u00f3 el diario El Pa\u00eds. La detenci\u00f3n de Bartomeu ha sido en su domicilio de la ciudad de Barcelona.<\/p>\n\n\n\n<figure class=\"wp-block-image size-large\"><img fetchpriority=\"high\" decoding=\"async\" width=\"1024\" height=\"682\" src=\"http:\/\/nativainfo.com\/wp-content\/uploads\/2021\/03\/3365672w1033-1024x682.jpg\" alt=\"\" class=\"wp-image-1415\" srcset=\"https:\/\/nativainfo.com\/wp-content\/uploads\/2021\/03\/3365672w1033-1024x682.jpg 1024w, https:\/\/nativainfo.com\/wp-content\/uploads\/2021\/03\/3365672w1033-300x200.jpg 300w, https:\/\/nativainfo.com\/wp-content\/uploads\/2021\/03\/3365672w1033-768x512.jpg 768w, https:\/\/nativainfo.com\/wp-content\/uploads\/2021\/03\/3365672w1033-526x350.jpg 526w, https:\/\/nativainfo.com\/wp-content\/uploads\/2021\/03\/3365672w1033-150x100.jpg 150w, https:\/\/nativainfo.com\/wp-content\/uploads\/2021\/03\/3365672w1033.jpg 1033w\" sizes=\"(max-width: 1024px) 100vw, 1024px\" \/><\/figure>\n\n\n\n<p>La Polic\u00eda, que investiga al club desde que salt\u00f3 a la luz el conocido como Bar\u00e7agate, busca pruebas para la instrucci\u00f3n del caso. La juez de instrucci\u00f3n n\u00famero 13, en Barcelona, Alejandra Gil, ha ordenado practicar cinco registros de forma simult\u00e1nea para un caso cuyo secreto de sumario se ha prorrogado ya hasta en seis ocasiones. Esta situaci\u00f3n se produce en una semana que culminar\u00e1 con la\u00a0<strong>celebraci\u00f3n de las elecciones a la presidencia del club.<\/strong><\/p>\n\n\n\n<p>Fuente: La Naci\u00f3n<\/p>\n","protected":false},"excerpt":{"rendered":"<p>Josep Maria Bartomeu,\u00a0expresidente del\u00a0FC Barcelona, fue detenido\u00a0este lunes como consecuencia de las investigaciones sobre el\u00a0Bar\u00e7agate.\u00a0Adem\u00e1s, la polic\u00eda catalana ha entrado&#8230; <a class=\"continue-reading-link\" href=\"https:\/\/nativainfo.com\/?p=1413\">Continue reading<\/a><\/p>\n","protected":false},"author":1,"featured_media":0,"comment_status":"open","ping_status":"open","sticky":false,"template":"","format":"standard","meta":{"rop_custom_images_group":[],"rop_custom_messages_group":[],"rop_publish_now":"initial","rop_publish_now_accounts":[],"rop_publish_now_history":[],"rop_publish_now_status":"pending","footnotes":"","jetpack_publicize_message":"","jetpack_publicize_feature_enabled":true,"jetpack_social_post_already_shared":false,"jetpack_social_options":{"image_generator_settings":{"template":"highway","default_image_id":0,"font":"","enabled":false},"version":2}},"categories":[35,8],"tags":[],"class_list":["post-1413","post","type-post","status-publish","format-standard","hentry","category-futbol-internacional","category-noticias"],"yoast_head":"<!-- This site is optimized with the Yoast SEO plugin v25.6 - https:\/\/yoast.com\/wordpress\/plugins\/seo\/ -->\n<title>Barcelona: detuvieron a Josep Mar\u00eda Bartomeu, ex presidente del club - Nativa Info<\/title>\n<meta name=\"robots\" content=\"index, follow, max-snippet:-1, max-image-preview:large, max-video-preview:-1\" \/>\n<link rel=\"canonical\" href=\"https:\/\/nativainfo.com\/?p=1413\" \/>\n<meta property=\"og:locale\" content=\"es_ES\" \/>\n<meta property=\"og:type\" content=\"article\" \/>\n<meta property=\"og:title\" content=\"Barcelona: detuvieron a Josep Mar\u00eda Bartomeu, ex presidente del club - Nativa Info\" \/>\n<meta property=\"og:description\" content=\"Josep Maria Bartomeu,\u00a0expresidente del\u00a0FC Barcelona, fue detenido\u00a0este lunes como consecuencia de las investigaciones sobre el\u00a0Bar\u00e7agate.\u00a0Adem\u00e1s, la polic\u00eda catalana ha entrado... Continue reading\" \/>\n<meta property=\"og:url\" content=\"https:\/\/nativainfo.com\/?p=1413\" \/>\n<meta property=\"og:site_name\" content=\"Nativa Info\" \/>\n<meta property=\"article:publisher\" content=\"https:\/\/www.facebook.com\/profile.php?id=61578881597564\" \/>\n<meta property=\"article:published_time\" content=\"2021-03-01T12:39:51+00:00\" \/>\n<meta property=\"og:image\" content=\"http:\/\/nativainfo.com\/wp-content\/uploads\/2021\/03\/3365672w1033-1024x682.jpg\" \/>\n<meta name=\"author\" content=\"Nativa Info\" \/>\n<meta name=\"twitter:card\" content=\"summary_large_image\" \/>\n<meta name=\"twitter:label1\" content=\"Escrito por\" \/>\n\t<meta name=\"twitter:data1\" content=\"Nativa Info\" \/>\n\t<meta name=\"twitter:label2\" content=\"Tiempo de lectura\" \/>\n\t<meta name=\"twitter:data2\" content=\"1 minuto\" \/>\n<script type=\"application\/ld+json\" class=\"yoast-schema-graph\">{\"@context\":\"https:\/\/schema.org\",\"@graph\":[{\"@type\":\"Article\",\"@id\":\"https:\/\/nativainfo.com\/?p=1413#article\",\"isPartOf\":{\"@id\":\"https:\/\/nativainfo.com\/?p=1413\"},\"author\":{\"name\":\"Nativa Info\",\"@id\":\"https:\/\/nativainfo.com\/#\/schema\/person\/24893b64a9cd564ddb5d102d36eb4b5c\"},\"headline\":\"Barcelona: detuvieron a Josep Mar\u00eda Bartomeu, ex presidente del club\",\"datePublished\":\"2021-03-01T12:39:51+00:00\",\"mainEntityOfPage\":{\"@id\":\"https:\/\/nativainfo.com\/?p=1413\"},\"wordCount\":170,\"commentCount\":0,\"publisher\":{\"@id\":\"https:\/\/nativainfo.com\/#organization\"},\"image\":{\"@id\":\"https:\/\/nativainfo.com\/?p=1413#primaryimage\"},\"thumbnailUrl\":\"http:\/\/nativainfo.com\/wp-content\/uploads\/2021\/03\/3365672w1033-1024x682.jpg\",\"articleSection\":[\"F\u00fatbol Internacional\",\"Noticias\"],\"inLanguage\":\"es-AR\",\"potentialAction\":[{\"@type\":\"CommentAction\",\"name\":\"Comment\",\"target\":[\"https:\/\/nativainfo.com\/?p=1413#respond\"]}]},{\"@type\":\"WebPage\",\"@id\":\"https:\/\/nativainfo.com\/?p=1413\",\"url\":\"https:\/\/nativainfo.com\/?p=1413\",\"name\":\"Barcelona: detuvieron a Josep Mar\u00eda Bartomeu, ex presidente del club - Nativa Info\",\"isPartOf\":{\"@id\":\"https:\/\/nativainfo.com\/#website\"},\"primaryImageOfPage\":{\"@id\":\"https:\/\/nativainfo.com\/?p=1413#primaryimage\"},\"image\":{\"@id\":\"https:\/\/nativainfo.com\/?p=1413#primaryimage\"},\"thumbnailUrl\":\"http:\/\/nativainfo.com\/wp-content\/uploads\/2021\/03\/3365672w1033-1024x682.jpg\",\"datePublished\":\"2021-03-01T12:39:51+00:00\",\"breadcrumb\":{\"@id\":\"https:\/\/nativainfo.com\/?p=1413#breadcrumb\"},\"inLanguage\":\"es-AR\",\"potentialAction\":[{\"@type\":\"ReadAction\",\"target\":[\"https:\/\/nativainfo.com\/?p=1413\"]}]},{\"@type\":\"ImageObject\",\"inLanguage\":\"es-AR\",\"@id\":\"https:\/\/nativainfo.com\/?p=1413#primaryimage\",\"url\":\"https:\/\/nativainfo.com\/wp-content\/uploads\/2021\/03\/3365672w1033.jpg\",\"contentUrl\":\"https:\/\/nativainfo.com\/wp-content\/uploads\/2021\/03\/3365672w1033.jpg\",\"width\":1033,\"height\":688},{\"@type\":\"BreadcrumbList\",\"@id\":\"https:\/\/nativainfo.com\/?p=1413#breadcrumb\",\"itemListElement\":[{\"@type\":\"ListItem\",\"position\":1,\"name\":\"Inicio\",\"item\":\"https:\/\/nativainfo.com\/\"},{\"@type\":\"ListItem\",\"position\":2,\"name\":\"Barcelona: detuvieron a Josep Mar\u00eda Bartomeu, ex presidente del club\"}]},{\"@type\":\"WebSite\",\"@id\":\"https:\/\/nativainfo.com\/#website\",\"url\":\"https:\/\/nativainfo.com\/\",\"name\":\"Nativa Info\",\"description\":\"Diario Digital\",\"publisher\":{\"@id\":\"https:\/\/nativainfo.com\/#organization\"},\"potentialAction\":[{\"@type\":\"SearchAction\",\"target\":{\"@type\":\"EntryPoint\",\"urlTemplate\":\"https:\/\/nativainfo.com\/?s={search_term_string}\"},\"query-input\":{\"@type\":\"PropertyValueSpecification\",\"valueRequired\":true,\"valueName\":\"search_term_string\"}}],\"inLanguage\":\"es-AR\"},{\"@type\":\"Organization\",\"@id\":\"https:\/\/nativainfo.com\/#organization\",\"name\":\"Nativa Info\",\"url\":\"https:\/\/nativainfo.com\/\",\"logo\":{\"@type\":\"ImageObject\",\"inLanguage\":\"es-AR\",\"@id\":\"https:\/\/nativainfo.com\/#\/schema\/logo\/image\/\",\"url\":\"https:\/\/nativainfo.com\/wp-content\/uploads\/2025\/08\/LOGO-NATIVA-FACE.jpg\",\"contentUrl\":\"https:\/\/nativainfo.com\/wp-content\/uploads\/2025\/08\/LOGO-NATIVA-FACE.jpg\",\"width\":400,\"height\":400,\"caption\":\"Nativa Info\"},\"image\":{\"@id\":\"https:\/\/nativainfo.com\/#\/schema\/logo\/image\/\"},\"sameAs\":[\"https:\/\/www.facebook.com\/profile.php?id=61578881597564\"]},{\"@type\":\"Person\",\"@id\":\"https:\/\/nativainfo.com\/#\/schema\/person\/24893b64a9cd564ddb5d102d36eb4b5c\",\"name\":\"Nativa Info\",\"image\":{\"@type\":\"ImageObject\",\"inLanguage\":\"es-AR\",\"@id\":\"https:\/\/nativainfo.com\/#\/schema\/person\/image\/\",\"url\":\"https:\/\/secure.gravatar.com\/avatar\/016fa1cf068d85136d938e1507b9b619cb766e2565cbb1faa1e571762460c785?s=96&d=mm&r=g\",\"contentUrl\":\"https:\/\/secure.gravatar.com\/avatar\/016fa1cf068d85136d938e1507b9b619cb766e2565cbb1faa1e571762460c785?s=96&d=mm&r=g\",\"caption\":\"Nativa Info\"},\"sameAs\":[\"http:\/\/nativainfo.com\"],\"url\":\"https:\/\/nativainfo.com\/?author=1\"}]}<\/script>\n<!-- \/ Yoast SEO plugin. -->","yoast_head_json":{"title":"Barcelona: detuvieron a Josep Mar\u00eda Bartomeu, ex presidente del club - Nativa Info","robots":{"index":"index","follow":"follow","max-snippet":"max-snippet:-1","max-image-preview":"max-image-preview:large","max-video-preview":"max-video-preview:-1"},"canonical":"https:\/\/nativainfo.com\/?p=1413","og_locale":"es_ES","og_type":"article","og_title":"Barcelona: detuvieron a Josep Mar\u00eda Bartomeu, ex presidente del club - Nativa Info","og_description":"Josep Maria Bartomeu,\u00a0expresidente del\u00a0FC Barcelona, fue detenido\u00a0este lunes como consecuencia de las investigaciones sobre el\u00a0Bar\u00e7agate.\u00a0Adem\u00e1s, la polic\u00eda catalana ha entrado... Continue reading","og_url":"https:\/\/nativainfo.com\/?p=1413","og_site_name":"Nativa Info","article_publisher":"https:\/\/www.facebook.com\/profile.php?id=61578881597564","article_published_time":"2021-03-01T12:39:51+00:00","og_image":[{"url":"http:\/\/nativainfo.com\/wp-content\/uploads\/2021\/03\/3365672w1033-1024x682.jpg","type":"","width":"","height":""}],"author":"Nativa Info","twitter_card":"summary_large_image","twitter_misc":{"Escrito por":"Nativa Info","Tiempo de lectura":"1 minuto"},"schema":{"@context":"https:\/\/schema.org","@graph":[{"@type":"Article","@id":"https:\/\/nativainfo.com\/?p=1413#article","isPartOf":{"@id":"https:\/\/nativainfo.com\/?p=1413"},"author":{"name":"Nativa Info","@id":"https:\/\/nativainfo.com\/#\/schema\/person\/24893b64a9cd564ddb5d102d36eb4b5c"},"headline":"Barcelona: detuvieron a Josep Mar\u00eda Bartomeu, ex presidente del club","datePublished":"2021-03-01T12:39:51+00:00","mainEntityOfPage":{"@id":"https:\/\/nativainfo.com\/?p=1413"},"wordCount":170,"commentCount":0,"publisher":{"@id":"https:\/\/nativainfo.com\/#organization"},"image":{"@id":"https:\/\/nativainfo.com\/?p=1413#primaryimage"},"thumbnailUrl":"http:\/\/nativainfo.com\/wp-content\/uploads\/2021\/03\/3365672w1033-1024x682.jpg","articleSection":["F\u00fatbol Internacional","Noticias"],"inLanguage":"es-AR","potentialAction":[{"@type":"CommentAction","name":"Comment","target":["https:\/\/nativainfo.com\/?p=1413#respond"]}]},{"@type":"WebPage","@id":"https:\/\/nativainfo.com\/?p=1413","url":"https:\/\/nativainfo.com\/?p=1413","name":"Barcelona: detuvieron a Josep Mar\u00eda Bartomeu, ex presidente del club - Nativa Info","isPartOf":{"@id":"https:\/\/nativainfo.com\/#website"},"primaryImageOfPage":{"@id":"https:\/\/nativainfo.com\/?p=1413#primaryimage"},"image":{"@id":"https:\/\/nativainfo.com\/?p=1413#primaryimage"},"thumbnailUrl":"http:\/\/nativainfo.com\/wp-content\/uploads\/2021\/03\/3365672w1033-1024x682.jpg","datePublished":"2021-03-01T12:39:51+00:00","breadcrumb":{"@id":"https:\/\/nativainfo.com\/?p=1413#breadcrumb"},"inLanguage":"es-AR","potentialAction":[{"@type":"ReadAction","target":["https:\/\/nativainfo.com\/?p=1413"]}]},{"@type":"ImageObject","inLanguage":"es-AR","@id":"https:\/\/nativainfo.com\/?p=1413#primaryimage","url":"https:\/\/nativainfo.com\/wp-content\/uploads\/2021\/03\/3365672w1033.jpg","contentUrl":"https:\/\/nativainfo.com\/wp-content\/uploads\/2021\/03\/3365672w1033.jpg","width":1033,"height":688},{"@type":"BreadcrumbList","@id":"https:\/\/nativainfo.com\/?p=1413#breadcrumb","itemListElement":[{"@type":"ListItem","position":1,"name":"Inicio","item":"https:\/\/nativainfo.com\/"},{"@type":"ListItem","position":2,"name":"Barcelona: detuvieron a Josep Mar\u00eda Bartomeu, ex presidente del club"}]},{"@type":"WebSite","@id":"https:\/\/nativainfo.com\/#website","url":"https:\/\/nativainfo.com\/","name":"Nativa Info","description":"Diario Digital","publisher":{"@id":"https:\/\/nativainfo.com\/#organization"},"potentialAction":[{"@type":"SearchAction","target":{"@type":"EntryPoint","urlTemplate":"https:\/\/nativainfo.com\/?s={search_term_string}"},"query-input":{"@type":"PropertyValueSpecification","valueRequired":true,"valueName":"search_term_string"}}],"inLanguage":"es-AR"},{"@type":"Organization","@id":"https:\/\/nativainfo.com\/#organization","name":"Nativa Info","url":"https:\/\/nativainfo.com\/","logo":{"@type":"ImageObject","inLanguage":"es-AR","@id":"https:\/\/nativainfo.com\/#\/schema\/logo\/image\/","url":"https:\/\/nativainfo.com\/wp-content\/uploads\/2025\/08\/LOGO-NATIVA-FACE.jpg","contentUrl":"https:\/\/nativainfo.com\/wp-content\/uploads\/2025\/08\/LOGO-NATIVA-FACE.jpg","width":400,"height":400,"caption":"Nativa Info"},"image":{"@id":"https:\/\/nativainfo.com\/#\/schema\/logo\/image\/"},"sameAs":["https:\/\/www.facebook.com\/profile.php?id=61578881597564"]},{"@type":"Person","@id":"https:\/\/nativainfo.com\/#\/schema\/person\/24893b64a9cd564ddb5d102d36eb4b5c","name":"Nativa Info","image":{"@type":"ImageObject","inLanguage":"es-AR","@id":"https:\/\/nativainfo.com\/#\/schema\/person\/image\/","url":"https:\/\/secure.gravatar.com\/avatar\/016fa1cf068d85136d938e1507b9b619cb766e2565cbb1faa1e571762460c785?s=96&d=mm&r=g","contentUrl":"https:\/\/secure.gravatar.com\/avatar\/016fa1cf068d85136d938e1507b9b619cb766e2565cbb1faa1e571762460c785?s=96&d=mm&r=g","caption":"Nativa Info"},"sameAs":["http:\/\/nativainfo.com"],"url":"https:\/\/nativainfo.com\/?author=1"}]}},"jetpack_publicize_connections":[],"_links":{"self":[{"href":"https:\/\/nativainfo.com\/index.php?rest_route=\/wp\/v2\/posts\/1413","targetHints":{"allow":["GET"]}}],"collection":[{"href":"https:\/\/nativainfo.com\/index.php?rest_route=\/wp\/v2\/posts"}],"about":[{"href":"https:\/\/nativainfo.com\/index.php?rest_route=\/wp\/v2\/types\/post"}],"author":[{"embeddable":true,"href":"https:\/\/nativainfo.com\/index.php?rest_route=\/wp\/v2\/users\/1"}],"replies":[{"embeddable":true,"href":"https:\/\/nativainfo.com\/index.php?rest_route=%2Fwp%2Fv2%2Fcomments&post=1413"}],"version-history":[{"count":1,"href":"https:\/\/nativainfo.com\/index.php?rest_route=\/wp\/v2\/posts\/1413\/revisions"}],"predecessor-version":[{"id":1416,"href":"https:\/\/nativainfo.com\/index.php?rest_route=\/wp\/v2\/posts\/1413\/revisions\/1416"}],"wp:attachment":[{"href":"https:\/\/nativainfo.com\/index.php?rest_route=%2Fwp%2Fv2%2Fmedia&parent=1413"}],"wp:term":[{"taxonomy":"category","embeddable":true,"href":"https:\/\/nativainfo.com\/index.php?rest_route=%2Fwp%2Fv2%2Fcategories&post=1413"},{"taxonomy":"post_tag","embeddable":true,"href":"https:\/\/nativainfo.com\/index.php?rest_route=%2Fwp%2Fv2%2Ftags&post=1413"}],"curies":[{"name":"wp","href":"https:\/\/api.w.org\/{rel}","templated":true}]}}