{"id":1391,"date":"2021-02-25T01:11:51","date_gmt":"2021-02-25T04:11:51","guid":{"rendered":"http:\/\/nativainfo.com\/?p=1391"},"modified":"2021-02-25T01:11:51","modified_gmt":"2021-02-25T04:11:51","slug":"claudia-ledesma-de-zamora-fue-ratificada-como-presidenta-provisional-del-senado","status":"publish","type":"post","link":"https:\/\/nativainfo.com\/?p=1391","title":{"rendered":"Claudia Ledesma de Zamora fue ratificada como presidenta provisional del Senado"},"content":{"rendered":"\n<p><strong>El Senado ratific\u00f3 a sus autoridades para el nuevo a\u00f1o legislativo.<\/strong><\/p>\n\n\n\n<figure class=\"wp-block-image size-large\"><img fetchpriority=\"high\" decoding=\"async\" width=\"715\" height=\"402\" src=\"http:\/\/nativainfo.com\/wp-content\/uploads\/2021\/02\/715x402_claudia-zamora-363125-224037.jpg\" alt=\"\" class=\"wp-image-1396\" srcset=\"https:\/\/nativainfo.com\/wp-content\/uploads\/2021\/02\/715x402_claudia-zamora-363125-224037.jpg 715w, https:\/\/nativainfo.com\/wp-content\/uploads\/2021\/02\/715x402_claudia-zamora-363125-224037-300x169.jpg 300w, https:\/\/nativainfo.com\/wp-content\/uploads\/2021\/02\/715x402_claudia-zamora-363125-224037-623x350.jpg 623w, https:\/\/nativainfo.com\/wp-content\/uploads\/2021\/02\/715x402_claudia-zamora-363125-224037-150x84.jpg 150w\" sizes=\"(max-width: 715px) 100vw, 715px\" \/><\/figure>\n\n\n\n<p>El Senado de la Naci\u00f3n ratific\u00f3 este mi\u00e9rcoles a sus autoridades por un nuevo a\u00f1o parlamentario, en la antesala de la apertura del per\u00edodo de sesiones ordinarias que el presidente Alberto Fern\u00e1ndez dejar\u00e1 formalmente inaugurado el pr\u00f3ximo lunes, cuando dirigir\u00e1 su mensaje ante la Asamblea Legislativa.<\/p>\n\n\n\n<p>En reemplazo de la vicepresidenta Cristina Fern\u00e1ndez de Kirchner, quien se encuentra en ejercicio de la Presidencia por la gira del primer mandatario a M\u00e9xico, la presidenta\u00a0<strong>provisional Claudia Ledesma Abdala de Zamora abri\u00f3 el plenario en el que los senadores renovaron los mandatos de las actuales autoridades.<\/strong><\/p>\n\n\n\n<p>Fuente: Diario Panorama<\/p>\n","protected":false},"excerpt":{"rendered":"<p>El Senado ratific\u00f3 a sus autoridades para el nuevo a\u00f1o legislativo. El Senado de la Naci\u00f3n ratific\u00f3 este mi\u00e9rcoles a&#8230; <a class=\"continue-reading-link\" href=\"https:\/\/nativainfo.com\/?p=1391\">Continue reading<\/a><\/p>\n","protected":false},"author":1,"featured_media":0,"comment_status":"open","ping_status":"open","sticky":false,"template":"","format":"standard","meta":{"rop_custom_images_group":[],"rop_custom_messages_group":[],"rop_publish_now":"initial","rop_publish_now_accounts":[],"rop_publish_now_history":[],"rop_publish_now_status":"pending","footnotes":"","jetpack_publicize_message":"","jetpack_publicize_feature_enabled":true,"jetpack_social_post_already_shared":false,"jetpack_social_options":{"image_generator_settings":{"template":"highway","default_image_id":0,"font":"","enabled":false},"version":2}},"categories":[8,36],"tags":[],"class_list":["post-1391","post","type-post","status-publish","format-standard","hentry","category-noticias","category-politica"],"yoast_head":"<!-- This site is optimized with the Yoast SEO plugin v25.6 - https:\/\/yoast.com\/wordpress\/plugins\/seo\/ -->\n<title>Claudia Ledesma de Zamora fue ratificada como presidenta provisional del Senado - Nativa Info<\/title>\n<meta name=\"robots\" content=\"index, follow, max-snippet:-1, max-image-preview:large, max-video-preview:-1\" \/>\n<link rel=\"canonical\" href=\"https:\/\/nativainfo.com\/?p=1391\" \/>\n<meta property=\"og:locale\" content=\"es_ES\" \/>\n<meta property=\"og:type\" content=\"article\" \/>\n<meta property=\"og:title\" content=\"Claudia Ledesma de Zamora fue ratificada como presidenta provisional del Senado - Nativa Info\" \/>\n<meta property=\"og:description\" content=\"El Senado ratific\u00f3 a sus autoridades para el nuevo a\u00f1o legislativo. El Senado de la Naci\u00f3n ratific\u00f3 este mi\u00e9rcoles a... Continue reading\" \/>\n<meta property=\"og:url\" content=\"https:\/\/nativainfo.com\/?p=1391\" \/>\n<meta property=\"og:site_name\" content=\"Nativa Info\" \/>\n<meta property=\"article:publisher\" content=\"https:\/\/www.facebook.com\/profile.php?id=61578881597564\" \/>\n<meta property=\"article:published_time\" content=\"2021-02-25T04:11:51+00:00\" \/>\n<meta property=\"og:image\" content=\"http:\/\/nativainfo.com\/wp-content\/uploads\/2021\/02\/715x402_claudia-zamora-363125-224037.jpg\" \/>\n<meta name=\"author\" content=\"Nativa Info\" \/>\n<meta name=\"twitter:card\" content=\"summary_large_image\" \/>\n<meta name=\"twitter:label1\" content=\"Escrito por\" \/>\n\t<meta name=\"twitter:data1\" content=\"Nativa Info\" \/>\n\t<meta name=\"twitter:label2\" content=\"Tiempo de lectura\" \/>\n\t<meta name=\"twitter:data2\" content=\"1 minuto\" \/>\n<script type=\"application\/ld+json\" class=\"yoast-schema-graph\">{\"@context\":\"https:\/\/schema.org\",\"@graph\":[{\"@type\":\"Article\",\"@id\":\"https:\/\/nativainfo.com\/?p=1391#article\",\"isPartOf\":{\"@id\":\"https:\/\/nativainfo.com\/?p=1391\"},\"author\":{\"name\":\"Nativa Info\",\"@id\":\"https:\/\/nativainfo.com\/#\/schema\/person\/24893b64a9cd564ddb5d102d36eb4b5c\"},\"headline\":\"Claudia Ledesma de Zamora fue ratificada como presidenta provisional del Senado\",\"datePublished\":\"2021-02-25T04:11:51+00:00\",\"mainEntityOfPage\":{\"@id\":\"https:\/\/nativainfo.com\/?p=1391\"},\"wordCount\":128,\"commentCount\":0,\"publisher\":{\"@id\":\"https:\/\/nativainfo.com\/#organization\"},\"image\":{\"@id\":\"https:\/\/nativainfo.com\/?p=1391#primaryimage\"},\"thumbnailUrl\":\"http:\/\/nativainfo.com\/wp-content\/uploads\/2021\/02\/715x402_claudia-zamora-363125-224037.jpg\",\"articleSection\":[\"Noticias\",\"Pol\u00edtica\"],\"inLanguage\":\"es-AR\",\"potentialAction\":[{\"@type\":\"CommentAction\",\"name\":\"Comment\",\"target\":[\"https:\/\/nativainfo.com\/?p=1391#respond\"]}]},{\"@type\":\"WebPage\",\"@id\":\"https:\/\/nativainfo.com\/?p=1391\",\"url\":\"https:\/\/nativainfo.com\/?p=1391\",\"name\":\"Claudia Ledesma de Zamora fue ratificada como presidenta provisional del Senado - Nativa Info\",\"isPartOf\":{\"@id\":\"https:\/\/nativainfo.com\/#website\"},\"primaryImageOfPage\":{\"@id\":\"https:\/\/nativainfo.com\/?p=1391#primaryimage\"},\"image\":{\"@id\":\"https:\/\/nativainfo.com\/?p=1391#primaryimage\"},\"thumbnailUrl\":\"http:\/\/nativainfo.com\/wp-content\/uploads\/2021\/02\/715x402_claudia-zamora-363125-224037.jpg\",\"datePublished\":\"2021-02-25T04:11:51+00:00\",\"breadcrumb\":{\"@id\":\"https:\/\/nativainfo.com\/?p=1391#breadcrumb\"},\"inLanguage\":\"es-AR\",\"potentialAction\":[{\"@type\":\"ReadAction\",\"target\":[\"https:\/\/nativainfo.com\/?p=1391\"]}]},{\"@type\":\"ImageObject\",\"inLanguage\":\"es-AR\",\"@id\":\"https:\/\/nativainfo.com\/?p=1391#primaryimage\",\"url\":\"https:\/\/nativainfo.com\/wp-content\/uploads\/2021\/02\/715x402_claudia-zamora-363125-224037.jpg\",\"contentUrl\":\"https:\/\/nativainfo.com\/wp-content\/uploads\/2021\/02\/715x402_claudia-zamora-363125-224037.jpg\",\"width\":715,\"height\":402},{\"@type\":\"BreadcrumbList\",\"@id\":\"https:\/\/nativainfo.com\/?p=1391#breadcrumb\",\"itemListElement\":[{\"@type\":\"ListItem\",\"position\":1,\"name\":\"Inicio\",\"item\":\"https:\/\/nativainfo.com\/\"},{\"@type\":\"ListItem\",\"position\":2,\"name\":\"Claudia Ledesma de Zamora fue ratificada como presidenta provisional del Senado\"}]},{\"@type\":\"WebSite\",\"@id\":\"https:\/\/nativainfo.com\/#website\",\"url\":\"https:\/\/nativainfo.com\/\",\"name\":\"Nativa Info\",\"description\":\"Diario Digital\",\"publisher\":{\"@id\":\"https:\/\/nativainfo.com\/#organization\"},\"potentialAction\":[{\"@type\":\"SearchAction\",\"target\":{\"@type\":\"EntryPoint\",\"urlTemplate\":\"https:\/\/nativainfo.com\/?s={search_term_string}\"},\"query-input\":{\"@type\":\"PropertyValueSpecification\",\"valueRequired\":true,\"valueName\":\"search_term_string\"}}],\"inLanguage\":\"es-AR\"},{\"@type\":\"Organization\",\"@id\":\"https:\/\/nativainfo.com\/#organization\",\"name\":\"Nativa Info\",\"url\":\"https:\/\/nativainfo.com\/\",\"logo\":{\"@type\":\"ImageObject\",\"inLanguage\":\"es-AR\",\"@id\":\"https:\/\/nativainfo.com\/#\/schema\/logo\/image\/\",\"url\":\"https:\/\/nativainfo.com\/wp-content\/uploads\/2025\/08\/LOGO-NATIVA-FACE.jpg\",\"contentUrl\":\"https:\/\/nativainfo.com\/wp-content\/uploads\/2025\/08\/LOGO-NATIVA-FACE.jpg\",\"width\":400,\"height\":400,\"caption\":\"Nativa Info\"},\"image\":{\"@id\":\"https:\/\/nativainfo.com\/#\/schema\/logo\/image\/\"},\"sameAs\":[\"https:\/\/www.facebook.com\/profile.php?id=61578881597564\"]},{\"@type\":\"Person\",\"@id\":\"https:\/\/nativainfo.com\/#\/schema\/person\/24893b64a9cd564ddb5d102d36eb4b5c\",\"name\":\"Nativa Info\",\"image\":{\"@type\":\"ImageObject\",\"inLanguage\":\"es-AR\",\"@id\":\"https:\/\/nativainfo.com\/#\/schema\/person\/image\/\",\"url\":\"https:\/\/secure.gravatar.com\/avatar\/016fa1cf068d85136d938e1507b9b619cb766e2565cbb1faa1e571762460c785?s=96&d=mm&r=g\",\"contentUrl\":\"https:\/\/secure.gravatar.com\/avatar\/016fa1cf068d85136d938e1507b9b619cb766e2565cbb1faa1e571762460c785?s=96&d=mm&r=g\",\"caption\":\"Nativa Info\"},\"sameAs\":[\"http:\/\/nativainfo.com\"],\"url\":\"https:\/\/nativainfo.com\/?author=1\"}]}<\/script>\n<!-- \/ Yoast SEO plugin. -->","yoast_head_json":{"title":"Claudia Ledesma de Zamora fue ratificada como presidenta provisional del Senado - Nativa Info","robots":{"index":"index","follow":"follow","max-snippet":"max-snippet:-1","max-image-preview":"max-image-preview:large","max-video-preview":"max-video-preview:-1"},"canonical":"https:\/\/nativainfo.com\/?p=1391","og_locale":"es_ES","og_type":"article","og_title":"Claudia Ledesma de Zamora fue ratificada como presidenta provisional del Senado - Nativa Info","og_description":"El Senado ratific\u00f3 a sus autoridades para el nuevo a\u00f1o legislativo. El Senado de la Naci\u00f3n ratific\u00f3 este mi\u00e9rcoles a... Continue reading","og_url":"https:\/\/nativainfo.com\/?p=1391","og_site_name":"Nativa Info","article_publisher":"https:\/\/www.facebook.com\/profile.php?id=61578881597564","article_published_time":"2021-02-25T04:11:51+00:00","og_image":[{"url":"http:\/\/nativainfo.com\/wp-content\/uploads\/2021\/02\/715x402_claudia-zamora-363125-224037.jpg","type":"","width":"","height":""}],"author":"Nativa Info","twitter_card":"summary_large_image","twitter_misc":{"Escrito por":"Nativa Info","Tiempo de lectura":"1 minuto"},"schema":{"@context":"https:\/\/schema.org","@graph":[{"@type":"Article","@id":"https:\/\/nativainfo.com\/?p=1391#article","isPartOf":{"@id":"https:\/\/nativainfo.com\/?p=1391"},"author":{"name":"Nativa Info","@id":"https:\/\/nativainfo.com\/#\/schema\/person\/24893b64a9cd564ddb5d102d36eb4b5c"},"headline":"Claudia Ledesma de Zamora fue ratificada como presidenta provisional del Senado","datePublished":"2021-02-25T04:11:51+00:00","mainEntityOfPage":{"@id":"https:\/\/nativainfo.com\/?p=1391"},"wordCount":128,"commentCount":0,"publisher":{"@id":"https:\/\/nativainfo.com\/#organization"},"image":{"@id":"https:\/\/nativainfo.com\/?p=1391#primaryimage"},"thumbnailUrl":"http:\/\/nativainfo.com\/wp-content\/uploads\/2021\/02\/715x402_claudia-zamora-363125-224037.jpg","articleSection":["Noticias","Pol\u00edtica"],"inLanguage":"es-AR","potentialAction":[{"@type":"CommentAction","name":"Comment","target":["https:\/\/nativainfo.com\/?p=1391#respond"]}]},{"@type":"WebPage","@id":"https:\/\/nativainfo.com\/?p=1391","url":"https:\/\/nativainfo.com\/?p=1391","name":"Claudia Ledesma de Zamora fue ratificada como presidenta provisional del Senado - Nativa Info","isPartOf":{"@id":"https:\/\/nativainfo.com\/#website"},"primaryImageOfPage":{"@id":"https:\/\/nativainfo.com\/?p=1391#primaryimage"},"image":{"@id":"https:\/\/nativainfo.com\/?p=1391#primaryimage"},"thumbnailUrl":"http:\/\/nativainfo.com\/wp-content\/uploads\/2021\/02\/715x402_claudia-zamora-363125-224037.jpg","datePublished":"2021-02-25T04:11:51+00:00","breadcrumb":{"@id":"https:\/\/nativainfo.com\/?p=1391#breadcrumb"},"inLanguage":"es-AR","potentialAction":[{"@type":"ReadAction","target":["https:\/\/nativainfo.com\/?p=1391"]}]},{"@type":"ImageObject","inLanguage":"es-AR","@id":"https:\/\/nativainfo.com\/?p=1391#primaryimage","url":"https:\/\/nativainfo.com\/wp-content\/uploads\/2021\/02\/715x402_claudia-zamora-363125-224037.jpg","contentUrl":"https:\/\/nativainfo.com\/wp-content\/uploads\/2021\/02\/715x402_claudia-zamora-363125-224037.jpg","width":715,"height":402},{"@type":"BreadcrumbList","@id":"https:\/\/nativainfo.com\/?p=1391#breadcrumb","itemListElement":[{"@type":"ListItem","position":1,"name":"Inicio","item":"https:\/\/nativainfo.com\/"},{"@type":"ListItem","position":2,"name":"Claudia Ledesma de Zamora fue ratificada como presidenta provisional del Senado"}]},{"@type":"WebSite","@id":"https:\/\/nativainfo.com\/#website","url":"https:\/\/nativainfo.com\/","name":"Nativa Info","description":"Diario Digital","publisher":{"@id":"https:\/\/nativainfo.com\/#organization"},"potentialAction":[{"@type":"SearchAction","target":{"@type":"EntryPoint","urlTemplate":"https:\/\/nativainfo.com\/?s={search_term_string}"},"query-input":{"@type":"PropertyValueSpecification","valueRequired":true,"valueName":"search_term_string"}}],"inLanguage":"es-AR"},{"@type":"Organization","@id":"https:\/\/nativainfo.com\/#organization","name":"Nativa Info","url":"https:\/\/nativainfo.com\/","logo":{"@type":"ImageObject","inLanguage":"es-AR","@id":"https:\/\/nativainfo.com\/#\/schema\/logo\/image\/","url":"https:\/\/nativainfo.com\/wp-content\/uploads\/2025\/08\/LOGO-NATIVA-FACE.jpg","contentUrl":"https:\/\/nativainfo.com\/wp-content\/uploads\/2025\/08\/LOGO-NATIVA-FACE.jpg","width":400,"height":400,"caption":"Nativa Info"},"image":{"@id":"https:\/\/nativainfo.com\/#\/schema\/logo\/image\/"},"sameAs":["https:\/\/www.facebook.com\/profile.php?id=61578881597564"]},{"@type":"Person","@id":"https:\/\/nativainfo.com\/#\/schema\/person\/24893b64a9cd564ddb5d102d36eb4b5c","name":"Nativa Info","image":{"@type":"ImageObject","inLanguage":"es-AR","@id":"https:\/\/nativainfo.com\/#\/schema\/person\/image\/","url":"https:\/\/secure.gravatar.com\/avatar\/016fa1cf068d85136d938e1507b9b619cb766e2565cbb1faa1e571762460c785?s=96&d=mm&r=g","contentUrl":"https:\/\/secure.gravatar.com\/avatar\/016fa1cf068d85136d938e1507b9b619cb766e2565cbb1faa1e571762460c785?s=96&d=mm&r=g","caption":"Nativa Info"},"sameAs":["http:\/\/nativainfo.com"],"url":"https:\/\/nativainfo.com\/?author=1"}]}},"jetpack_publicize_connections":[],"_links":{"self":[{"href":"https:\/\/nativainfo.com\/index.php?rest_route=\/wp\/v2\/posts\/1391","targetHints":{"allow":["GET"]}}],"collection":[{"href":"https:\/\/nativainfo.com\/index.php?rest_route=\/wp\/v2\/posts"}],"about":[{"href":"https:\/\/nativainfo.com\/index.php?rest_route=\/wp\/v2\/types\/post"}],"author":[{"embeddable":true,"href":"https:\/\/nativainfo.com\/index.php?rest_route=\/wp\/v2\/users\/1"}],"replies":[{"embeddable":true,"href":"https:\/\/nativainfo.com\/index.php?rest_route=%2Fwp%2Fv2%2Fcomments&post=1391"}],"version-history":[{"count":2,"href":"https:\/\/nativainfo.com\/index.php?rest_route=\/wp\/v2\/posts\/1391\/revisions"}],"predecessor-version":[{"id":1556,"href":"https:\/\/nativainfo.com\/index.php?rest_route=\/wp\/v2\/posts\/1391\/revisions\/1556"}],"wp:attachment":[{"href":"https:\/\/nativainfo.com\/index.php?rest_route=%2Fwp%2Fv2%2Fmedia&parent=1391"}],"wp:term":[{"taxonomy":"category","embeddable":true,"href":"https:\/\/nativainfo.com\/index.php?rest_route=%2Fwp%2Fv2%2Fcategories&post=1391"},{"taxonomy":"post_tag","embeddable":true,"href":"https:\/\/nativainfo.com\/index.php?rest_route=%2Fwp%2Fv2%2Ftags&post=1391"}],"curies":[{"name":"wp","href":"https:\/\/api.w.org\/{rel}","templated":true}]}}