{"id":1337,"date":"2021-02-12T00:30:57","date_gmt":"2021-02-12T03:30:57","guid":{"rendered":"http:\/\/nativainfo.com\/?p=1337"},"modified":"2021-02-12T00:30:57","modified_gmt":"2021-02-12T03:30:57","slug":"el-inicio-de-la-segunda-temporada-de-masterchef-celebrity-tiene-dia-y-horario-confirmado","status":"publish","type":"post","link":"https:\/\/nativainfo.com\/?p=1337","title":{"rendered":"El inicio de la segunda temporada de Masterchef Celebrity tiene d\u00eda y horario confirmado"},"content":{"rendered":"\n<p>El lunes 22 de febrero se encender\u00e1n las hornallas de las cocinas m\u00e1s famosas de la televisi\u00f3n argentina. Resta saber el horario, aunque todo parece indicar que ser\u00e1 rondando las 22.30, tal como ocurri\u00f3 en la primera temporada.<\/p>\n\n\n\n<figure class=\"wp-block-image size-large\"><img fetchpriority=\"high\" decoding=\"async\" width=\"768\" height=\"432\" src=\"http:\/\/nativainfo.com\/wp-content\/uploads\/2021\/02\/VK5EIGWB4ZBEXIMCNVRUDYEUSA.jpg\" alt=\"\" class=\"wp-image-1341\" srcset=\"https:\/\/nativainfo.com\/wp-content\/uploads\/2021\/02\/VK5EIGWB4ZBEXIMCNVRUDYEUSA.jpg 768w, https:\/\/nativainfo.com\/wp-content\/uploads\/2021\/02\/VK5EIGWB4ZBEXIMCNVRUDYEUSA-300x169.jpg 300w, https:\/\/nativainfo.com\/wp-content\/uploads\/2021\/02\/VK5EIGWB4ZBEXIMCNVRUDYEUSA-622x350.jpg 622w, https:\/\/nativainfo.com\/wp-content\/uploads\/2021\/02\/VK5EIGWB4ZBEXIMCNVRUDYEUSA-150x84.jpg 150w\" sizes=\"(max-width: 768px) 100vw, 768px\" \/><\/figure>\n\n\n\n<p>La segunda temporada de\u00a0<strong>Masterchef Celebrity<\/strong>,\u00a0el gran \u00e9xito de la televisi\u00f3n argentina del 2020, mostr\u00f3 la \u00faltima carta que ten\u00eda guardada bajo la manga. El reality gastron\u00f3mico de Telef\u00e9 fue mostrando una a una las piezas que conformar\u00e1n la ingenier\u00eda que buscar\u00e1 repetir el suceso de su primera edici\u00f3n y en la noche del jueves revel\u00f3 la tan esperada fecha de estreno.<\/p>\n\n\n\n<p>A partir de ese d\u00eda, los eventuales cocineros competir\u00e1n por el trofeo que en la primera edici\u00f3n qued\u00f3 en manos de\u00a0<strong>Claudia Villafa\u00f1e<\/strong>.<\/p>\n\n\n\n<p>Fuente: Infobae<\/p>\n","protected":false},"excerpt":{"rendered":"<p>El lunes 22 de febrero se encender\u00e1n las hornallas de las cocinas m\u00e1s famosas de la televisi\u00f3n argentina. Resta saber&#8230; <a class=\"continue-reading-link\" href=\"https:\/\/nativainfo.com\/?p=1337\">Continue reading<\/a><\/p>\n","protected":false},"author":1,"featured_media":0,"comment_status":"open","ping_status":"open","sticky":false,"template":"","format":"standard","meta":{"rop_custom_images_group":[],"rop_custom_messages_group":[],"rop_publish_now":"initial","rop_publish_now_accounts":[],"rop_publish_now_history":[],"rop_publish_now_status":"pending","footnotes":"","jetpack_publicize_message":"","jetpack_publicize_feature_enabled":true,"jetpack_social_post_already_shared":false,"jetpack_social_options":{"image_generator_settings":{"template":"highway","default_image_id":0,"font":"","enabled":false},"version":2}},"categories":[56,30],"tags":[],"class_list":["post-1337","post","type-post","status-publish","format-standard","hentry","category-espectaculo","category-television"],"yoast_head":"<!-- This site is optimized with the Yoast SEO plugin v25.6 - https:\/\/yoast.com\/wordpress\/plugins\/seo\/ -->\n<title>El inicio de la segunda temporada de Masterchef Celebrity tiene d\u00eda y horario confirmado - Nativa Info<\/title>\n<meta name=\"robots\" content=\"index, follow, max-snippet:-1, max-image-preview:large, max-video-preview:-1\" \/>\n<link rel=\"canonical\" href=\"https:\/\/nativainfo.com\/?p=1337\" \/>\n<meta property=\"og:locale\" content=\"es_ES\" \/>\n<meta property=\"og:type\" content=\"article\" \/>\n<meta property=\"og:title\" content=\"El inicio de la segunda temporada de Masterchef Celebrity tiene d\u00eda y horario confirmado - Nativa Info\" \/>\n<meta property=\"og:description\" content=\"El lunes 22 de febrero se encender\u00e1n las hornallas de las cocinas m\u00e1s famosas de la televisi\u00f3n argentina. Resta saber... Continue reading\" \/>\n<meta property=\"og:url\" content=\"https:\/\/nativainfo.com\/?p=1337\" \/>\n<meta property=\"og:site_name\" content=\"Nativa Info\" \/>\n<meta property=\"article:publisher\" content=\"https:\/\/www.facebook.com\/profile.php?id=61578881597564\" \/>\n<meta property=\"article:published_time\" content=\"2021-02-12T03:30:57+00:00\" \/>\n<meta property=\"og:image\" content=\"http:\/\/nativainfo.com\/wp-content\/uploads\/2021\/02\/VK5EIGWB4ZBEXIMCNVRUDYEUSA.jpg\" \/>\n<meta name=\"author\" content=\"Nativa Info\" \/>\n<meta name=\"twitter:card\" content=\"summary_large_image\" \/>\n<meta name=\"twitter:label1\" content=\"Escrito por\" \/>\n\t<meta name=\"twitter:data1\" content=\"Nativa Info\" \/>\n\t<meta name=\"twitter:label2\" content=\"Tiempo de lectura\" \/>\n\t<meta name=\"twitter:data2\" content=\"1 minuto\" \/>\n<script type=\"application\/ld+json\" class=\"yoast-schema-graph\">{\"@context\":\"https:\/\/schema.org\",\"@graph\":[{\"@type\":\"Article\",\"@id\":\"https:\/\/nativainfo.com\/?p=1337#article\",\"isPartOf\":{\"@id\":\"https:\/\/nativainfo.com\/?p=1337\"},\"author\":{\"name\":\"Nativa Info\",\"@id\":\"https:\/\/nativainfo.com\/#\/schema\/person\/24893b64a9cd564ddb5d102d36eb4b5c\"},\"headline\":\"El inicio de la segunda temporada de Masterchef Celebrity tiene d\u00eda y horario confirmado\",\"datePublished\":\"2021-02-12T03:30:57+00:00\",\"mainEntityOfPage\":{\"@id\":\"https:\/\/nativainfo.com\/?p=1337\"},\"wordCount\":151,\"commentCount\":0,\"publisher\":{\"@id\":\"https:\/\/nativainfo.com\/#organization\"},\"image\":{\"@id\":\"https:\/\/nativainfo.com\/?p=1337#primaryimage\"},\"thumbnailUrl\":\"http:\/\/nativainfo.com\/wp-content\/uploads\/2021\/02\/VK5EIGWB4ZBEXIMCNVRUDYEUSA.jpg\",\"articleSection\":[\"Espect\u00e1culo\",\"Televisi\u00f3n\"],\"inLanguage\":\"es-AR\",\"potentialAction\":[{\"@type\":\"CommentAction\",\"name\":\"Comment\",\"target\":[\"https:\/\/nativainfo.com\/?p=1337#respond\"]}]},{\"@type\":\"WebPage\",\"@id\":\"https:\/\/nativainfo.com\/?p=1337\",\"url\":\"https:\/\/nativainfo.com\/?p=1337\",\"name\":\"El inicio de la segunda temporada de Masterchef Celebrity tiene d\u00eda y horario confirmado - Nativa Info\",\"isPartOf\":{\"@id\":\"https:\/\/nativainfo.com\/#website\"},\"primaryImageOfPage\":{\"@id\":\"https:\/\/nativainfo.com\/?p=1337#primaryimage\"},\"image\":{\"@id\":\"https:\/\/nativainfo.com\/?p=1337#primaryimage\"},\"thumbnailUrl\":\"http:\/\/nativainfo.com\/wp-content\/uploads\/2021\/02\/VK5EIGWB4ZBEXIMCNVRUDYEUSA.jpg\",\"datePublished\":\"2021-02-12T03:30:57+00:00\",\"breadcrumb\":{\"@id\":\"https:\/\/nativainfo.com\/?p=1337#breadcrumb\"},\"inLanguage\":\"es-AR\",\"potentialAction\":[{\"@type\":\"ReadAction\",\"target\":[\"https:\/\/nativainfo.com\/?p=1337\"]}]},{\"@type\":\"ImageObject\",\"inLanguage\":\"es-AR\",\"@id\":\"https:\/\/nativainfo.com\/?p=1337#primaryimage\",\"url\":\"https:\/\/nativainfo.com\/wp-content\/uploads\/2021\/02\/VK5EIGWB4ZBEXIMCNVRUDYEUSA.jpg\",\"contentUrl\":\"https:\/\/nativainfo.com\/wp-content\/uploads\/2021\/02\/VK5EIGWB4ZBEXIMCNVRUDYEUSA.jpg\",\"width\":768,\"height\":432},{\"@type\":\"BreadcrumbList\",\"@id\":\"https:\/\/nativainfo.com\/?p=1337#breadcrumb\",\"itemListElement\":[{\"@type\":\"ListItem\",\"position\":1,\"name\":\"Inicio\",\"item\":\"https:\/\/nativainfo.com\/\"},{\"@type\":\"ListItem\",\"position\":2,\"name\":\"El inicio de la segunda temporada de Masterchef Celebrity tiene d\u00eda y horario confirmado\"}]},{\"@type\":\"WebSite\",\"@id\":\"https:\/\/nativainfo.com\/#website\",\"url\":\"https:\/\/nativainfo.com\/\",\"name\":\"Nativa Info\",\"description\":\"Diario Digital\",\"publisher\":{\"@id\":\"https:\/\/nativainfo.com\/#organization\"},\"potentialAction\":[{\"@type\":\"SearchAction\",\"target\":{\"@type\":\"EntryPoint\",\"urlTemplate\":\"https:\/\/nativainfo.com\/?s={search_term_string}\"},\"query-input\":{\"@type\":\"PropertyValueSpecification\",\"valueRequired\":true,\"valueName\":\"search_term_string\"}}],\"inLanguage\":\"es-AR\"},{\"@type\":\"Organization\",\"@id\":\"https:\/\/nativainfo.com\/#organization\",\"name\":\"Nativa Info\",\"url\":\"https:\/\/nativainfo.com\/\",\"logo\":{\"@type\":\"ImageObject\",\"inLanguage\":\"es-AR\",\"@id\":\"https:\/\/nativainfo.com\/#\/schema\/logo\/image\/\",\"url\":\"https:\/\/nativainfo.com\/wp-content\/uploads\/2025\/08\/LOGO-NATIVA-FACE.jpg\",\"contentUrl\":\"https:\/\/nativainfo.com\/wp-content\/uploads\/2025\/08\/LOGO-NATIVA-FACE.jpg\",\"width\":400,\"height\":400,\"caption\":\"Nativa Info\"},\"image\":{\"@id\":\"https:\/\/nativainfo.com\/#\/schema\/logo\/image\/\"},\"sameAs\":[\"https:\/\/www.facebook.com\/profile.php?id=61578881597564\"]},{\"@type\":\"Person\",\"@id\":\"https:\/\/nativainfo.com\/#\/schema\/person\/24893b64a9cd564ddb5d102d36eb4b5c\",\"name\":\"Nativa Info\",\"image\":{\"@type\":\"ImageObject\",\"inLanguage\":\"es-AR\",\"@id\":\"https:\/\/nativainfo.com\/#\/schema\/person\/image\/\",\"url\":\"https:\/\/secure.gravatar.com\/avatar\/016fa1cf068d85136d938e1507b9b619cb766e2565cbb1faa1e571762460c785?s=96&d=mm&r=g\",\"contentUrl\":\"https:\/\/secure.gravatar.com\/avatar\/016fa1cf068d85136d938e1507b9b619cb766e2565cbb1faa1e571762460c785?s=96&d=mm&r=g\",\"caption\":\"Nativa Info\"},\"sameAs\":[\"http:\/\/nativainfo.com\"],\"url\":\"https:\/\/nativainfo.com\/?author=1\"}]}<\/script>\n<!-- \/ Yoast SEO plugin. -->","yoast_head_json":{"title":"El inicio de la segunda temporada de Masterchef Celebrity tiene d\u00eda y horario confirmado - Nativa Info","robots":{"index":"index","follow":"follow","max-snippet":"max-snippet:-1","max-image-preview":"max-image-preview:large","max-video-preview":"max-video-preview:-1"},"canonical":"https:\/\/nativainfo.com\/?p=1337","og_locale":"es_ES","og_type":"article","og_title":"El inicio de la segunda temporada de Masterchef Celebrity tiene d\u00eda y horario confirmado - Nativa Info","og_description":"El lunes 22 de febrero se encender\u00e1n las hornallas de las cocinas m\u00e1s famosas de la televisi\u00f3n argentina. Resta saber... Continue reading","og_url":"https:\/\/nativainfo.com\/?p=1337","og_site_name":"Nativa Info","article_publisher":"https:\/\/www.facebook.com\/profile.php?id=61578881597564","article_published_time":"2021-02-12T03:30:57+00:00","og_image":[{"url":"http:\/\/nativainfo.com\/wp-content\/uploads\/2021\/02\/VK5EIGWB4ZBEXIMCNVRUDYEUSA.jpg","type":"","width":"","height":""}],"author":"Nativa Info","twitter_card":"summary_large_image","twitter_misc":{"Escrito por":"Nativa Info","Tiempo de lectura":"1 minuto"},"schema":{"@context":"https:\/\/schema.org","@graph":[{"@type":"Article","@id":"https:\/\/nativainfo.com\/?p=1337#article","isPartOf":{"@id":"https:\/\/nativainfo.com\/?p=1337"},"author":{"name":"Nativa Info","@id":"https:\/\/nativainfo.com\/#\/schema\/person\/24893b64a9cd564ddb5d102d36eb4b5c"},"headline":"El inicio de la segunda temporada de Masterchef Celebrity tiene d\u00eda y horario confirmado","datePublished":"2021-02-12T03:30:57+00:00","mainEntityOfPage":{"@id":"https:\/\/nativainfo.com\/?p=1337"},"wordCount":151,"commentCount":0,"publisher":{"@id":"https:\/\/nativainfo.com\/#organization"},"image":{"@id":"https:\/\/nativainfo.com\/?p=1337#primaryimage"},"thumbnailUrl":"http:\/\/nativainfo.com\/wp-content\/uploads\/2021\/02\/VK5EIGWB4ZBEXIMCNVRUDYEUSA.jpg","articleSection":["Espect\u00e1culo","Televisi\u00f3n"],"inLanguage":"es-AR","potentialAction":[{"@type":"CommentAction","name":"Comment","target":["https:\/\/nativainfo.com\/?p=1337#respond"]}]},{"@type":"WebPage","@id":"https:\/\/nativainfo.com\/?p=1337","url":"https:\/\/nativainfo.com\/?p=1337","name":"El inicio de la segunda temporada de Masterchef Celebrity tiene d\u00eda y horario confirmado - Nativa Info","isPartOf":{"@id":"https:\/\/nativainfo.com\/#website"},"primaryImageOfPage":{"@id":"https:\/\/nativainfo.com\/?p=1337#primaryimage"},"image":{"@id":"https:\/\/nativainfo.com\/?p=1337#primaryimage"},"thumbnailUrl":"http:\/\/nativainfo.com\/wp-content\/uploads\/2021\/02\/VK5EIGWB4ZBEXIMCNVRUDYEUSA.jpg","datePublished":"2021-02-12T03:30:57+00:00","breadcrumb":{"@id":"https:\/\/nativainfo.com\/?p=1337#breadcrumb"},"inLanguage":"es-AR","potentialAction":[{"@type":"ReadAction","target":["https:\/\/nativainfo.com\/?p=1337"]}]},{"@type":"ImageObject","inLanguage":"es-AR","@id":"https:\/\/nativainfo.com\/?p=1337#primaryimage","url":"https:\/\/nativainfo.com\/wp-content\/uploads\/2021\/02\/VK5EIGWB4ZBEXIMCNVRUDYEUSA.jpg","contentUrl":"https:\/\/nativainfo.com\/wp-content\/uploads\/2021\/02\/VK5EIGWB4ZBEXIMCNVRUDYEUSA.jpg","width":768,"height":432},{"@type":"BreadcrumbList","@id":"https:\/\/nativainfo.com\/?p=1337#breadcrumb","itemListElement":[{"@type":"ListItem","position":1,"name":"Inicio","item":"https:\/\/nativainfo.com\/"},{"@type":"ListItem","position":2,"name":"El inicio de la segunda temporada de Masterchef Celebrity tiene d\u00eda y horario confirmado"}]},{"@type":"WebSite","@id":"https:\/\/nativainfo.com\/#website","url":"https:\/\/nativainfo.com\/","name":"Nativa Info","description":"Diario Digital","publisher":{"@id":"https:\/\/nativainfo.com\/#organization"},"potentialAction":[{"@type":"SearchAction","target":{"@type":"EntryPoint","urlTemplate":"https:\/\/nativainfo.com\/?s={search_term_string}"},"query-input":{"@type":"PropertyValueSpecification","valueRequired":true,"valueName":"search_term_string"}}],"inLanguage":"es-AR"},{"@type":"Organization","@id":"https:\/\/nativainfo.com\/#organization","name":"Nativa Info","url":"https:\/\/nativainfo.com\/","logo":{"@type":"ImageObject","inLanguage":"es-AR","@id":"https:\/\/nativainfo.com\/#\/schema\/logo\/image\/","url":"https:\/\/nativainfo.com\/wp-content\/uploads\/2025\/08\/LOGO-NATIVA-FACE.jpg","contentUrl":"https:\/\/nativainfo.com\/wp-content\/uploads\/2025\/08\/LOGO-NATIVA-FACE.jpg","width":400,"height":400,"caption":"Nativa Info"},"image":{"@id":"https:\/\/nativainfo.com\/#\/schema\/logo\/image\/"},"sameAs":["https:\/\/www.facebook.com\/profile.php?id=61578881597564"]},{"@type":"Person","@id":"https:\/\/nativainfo.com\/#\/schema\/person\/24893b64a9cd564ddb5d102d36eb4b5c","name":"Nativa Info","image":{"@type":"ImageObject","inLanguage":"es-AR","@id":"https:\/\/nativainfo.com\/#\/schema\/person\/image\/","url":"https:\/\/secure.gravatar.com\/avatar\/016fa1cf068d85136d938e1507b9b619cb766e2565cbb1faa1e571762460c785?s=96&d=mm&r=g","contentUrl":"https:\/\/secure.gravatar.com\/avatar\/016fa1cf068d85136d938e1507b9b619cb766e2565cbb1faa1e571762460c785?s=96&d=mm&r=g","caption":"Nativa Info"},"sameAs":["http:\/\/nativainfo.com"],"url":"https:\/\/nativainfo.com\/?author=1"}]}},"jetpack_publicize_connections":[],"_links":{"self":[{"href":"https:\/\/nativainfo.com\/index.php?rest_route=\/wp\/v2\/posts\/1337","targetHints":{"allow":["GET"]}}],"collection":[{"href":"https:\/\/nativainfo.com\/index.php?rest_route=\/wp\/v2\/posts"}],"about":[{"href":"https:\/\/nativainfo.com\/index.php?rest_route=\/wp\/v2\/types\/post"}],"author":[{"embeddable":true,"href":"https:\/\/nativainfo.com\/index.php?rest_route=\/wp\/v2\/users\/1"}],"replies":[{"embeddable":true,"href":"https:\/\/nativainfo.com\/index.php?rest_route=%2Fwp%2Fv2%2Fcomments&post=1337"}],"version-history":[{"count":1,"href":"https:\/\/nativainfo.com\/index.php?rest_route=\/wp\/v2\/posts\/1337\/revisions"}],"predecessor-version":[{"id":1342,"href":"https:\/\/nativainfo.com\/index.php?rest_route=\/wp\/v2\/posts\/1337\/revisions\/1342"}],"wp:attachment":[{"href":"https:\/\/nativainfo.com\/index.php?rest_route=%2Fwp%2Fv2%2Fmedia&parent=1337"}],"wp:term":[{"taxonomy":"category","embeddable":true,"href":"https:\/\/nativainfo.com\/index.php?rest_route=%2Fwp%2Fv2%2Fcategories&post=1337"},{"taxonomy":"post_tag","embeddable":true,"href":"https:\/\/nativainfo.com\/index.php?rest_route=%2Fwp%2Fv2%2Ftags&post=1337"}],"curies":[{"name":"wp","href":"https:\/\/api.w.org\/{rel}","templated":true}]}}