{"id":1320,"date":"2021-02-09T00:47:08","date_gmt":"2021-02-09T03:47:08","guid":{"rendered":"http:\/\/nativainfo.com\/?p=1320"},"modified":"2021-02-09T00:47:08","modified_gmt":"2021-02-09T03:47:08","slug":"el-gobierno-porteno-planea-permitir-el-regreso-del-publico-en-los-estadios-de-primera-division-a-partir-de-marzo","status":"publish","type":"post","link":"https:\/\/nativainfo.com\/?p=1320","title":{"rendered":"El gobierno porte\u00f1o planea permitir el regreso del p\u00fablico en los estadios de primera divisi\u00f3n a partir de marzo"},"content":{"rendered":"\n<p>El resto de las provincias con equipos en la m\u00e1xima categor\u00eda ya est\u00e1n en conversaciones para adecuarse a la medida. Ser\u00eda con el 33% de ocupaci\u00f3n<\/p>\n\n\n\n<figure class=\"wp-block-image size-large\"><img fetchpriority=\"high\" decoding=\"async\" width=\"1024\" height=\"768\" src=\"http:\/\/nativainfo.com\/wp-content\/uploads\/2021\/02\/CANCHA-RACING-2-1024x768.jpg\" alt=\"\" class=\"wp-image-1322\" srcset=\"https:\/\/nativainfo.com\/wp-content\/uploads\/2021\/02\/CANCHA-RACING-2-1024x768.jpg 1024w, https:\/\/nativainfo.com\/wp-content\/uploads\/2021\/02\/CANCHA-RACING-2-300x225.jpg 300w, https:\/\/nativainfo.com\/wp-content\/uploads\/2021\/02\/CANCHA-RACING-2-768x576.jpg 768w, https:\/\/nativainfo.com\/wp-content\/uploads\/2021\/02\/CANCHA-RACING-2-1536x1152.jpg 1536w, https:\/\/nativainfo.com\/wp-content\/uploads\/2021\/02\/CANCHA-RACING-2-2048x1536.jpg 2048w, https:\/\/nativainfo.com\/wp-content\/uploads\/2021\/02\/CANCHA-RACING-2-467x350.jpg 467w, https:\/\/nativainfo.com\/wp-content\/uploads\/2021\/02\/CANCHA-RACING-2-150x113.jpg 150w\" sizes=\"(max-width: 1024px) 100vw, 1024px\" \/><figcaption>Estadios del f\u00fatbol argentino<\/figcaption><\/figure>\n\n\n\n<p>Luego de una reuni\u00f3n de\u00a0<strong>Claudia Tapia,<\/strong>\u00a0presidente de la AFA, con\u00a0<strong>Gustavo Coria<\/strong>, jefe de Ministros de la ciudad de Buenos Aires, el gobierno porte\u00f1o le anticip\u00f3 la casa madre del f\u00fatbol argentino que su intenci\u00f3n es que el p\u00fablico regrese a los estadios de primera divisi\u00f3n<strong>\u00a0a partir de marzo.<\/strong>\u00a0C\u00f3mo hab\u00eda\u00a0trascendido en las \u00faltimas horas,\u00a0<strong>ser\u00eda con el 33% de la capacidad\u00a0<\/strong>para poder cumplir con el distanciamiento social y solo podr\u00e1n ingresar los socios y abonados.<\/p>\n\n\n\n<p>Fuente: Infobae<\/p>\n","protected":false},"excerpt":{"rendered":"<p>El resto de las provincias con equipos en la m\u00e1xima categor\u00eda ya est\u00e1n en conversaciones para adecuarse a la medida&#8230;. <a class=\"continue-reading-link\" href=\"https:\/\/nativainfo.com\/?p=1320\">Continue reading<\/a><\/p>\n","protected":false},"author":1,"featured_media":0,"comment_status":"open","ping_status":"open","sticky":false,"template":"","format":"standard","meta":{"rop_custom_images_group":[],"rop_custom_messages_group":[],"rop_publish_now":"initial","rop_publish_now_accounts":[],"rop_publish_now_history":[],"rop_publish_now_status":"pending","footnotes":"","jetpack_publicize_message":"","jetpack_publicize_feature_enabled":true,"jetpack_social_post_already_shared":false,"jetpack_social_options":{"image_generator_settings":{"template":"highway","default_image_id":0,"font":"","enabled":false},"version":2}},"categories":[10,41],"tags":[],"class_list":["post-1320","post","type-post","status-publish","format-standard","hentry","category-deportes","category-futbol"],"yoast_head":"<!-- This site is optimized with the Yoast SEO plugin v25.6 - https:\/\/yoast.com\/wordpress\/plugins\/seo\/ -->\n<title>El gobierno porte\u00f1o planea permitir el regreso del p\u00fablico en los estadios de primera divisi\u00f3n a partir de marzo - Nativa Info<\/title>\n<meta name=\"robots\" content=\"index, follow, max-snippet:-1, max-image-preview:large, max-video-preview:-1\" \/>\n<link rel=\"canonical\" href=\"https:\/\/nativainfo.com\/?p=1320\" \/>\n<meta property=\"og:locale\" content=\"es_ES\" \/>\n<meta property=\"og:type\" content=\"article\" \/>\n<meta property=\"og:title\" content=\"El gobierno porte\u00f1o planea permitir el regreso del p\u00fablico en los estadios de primera divisi\u00f3n a partir de marzo - Nativa Info\" \/>\n<meta property=\"og:description\" content=\"El resto de las provincias con equipos en la m\u00e1xima categor\u00eda ya est\u00e1n en conversaciones para adecuarse a la medida.... Continue reading\" \/>\n<meta property=\"og:url\" content=\"https:\/\/nativainfo.com\/?p=1320\" \/>\n<meta property=\"og:site_name\" content=\"Nativa Info\" \/>\n<meta property=\"article:publisher\" content=\"https:\/\/www.facebook.com\/profile.php?id=61578881597564\" \/>\n<meta property=\"article:published_time\" content=\"2021-02-09T03:47:08+00:00\" \/>\n<meta property=\"og:image\" content=\"http:\/\/nativainfo.com\/wp-content\/uploads\/2021\/02\/CANCHA-RACING-2-1024x768.jpg\" \/>\n<meta name=\"author\" content=\"Nativa Info\" \/>\n<meta name=\"twitter:card\" content=\"summary_large_image\" \/>\n<meta name=\"twitter:label1\" content=\"Escrito por\" \/>\n\t<meta name=\"twitter:data1\" content=\"Nativa Info\" \/>\n\t<meta name=\"twitter:label2\" content=\"Tiempo de lectura\" \/>\n\t<meta name=\"twitter:data2\" content=\"1 minuto\" \/>\n<script type=\"application\/ld+json\" class=\"yoast-schema-graph\">{\"@context\":\"https:\/\/schema.org\",\"@graph\":[{\"@type\":\"Article\",\"@id\":\"https:\/\/nativainfo.com\/?p=1320#article\",\"isPartOf\":{\"@id\":\"https:\/\/nativainfo.com\/?p=1320\"},\"author\":{\"name\":\"Nativa Info\",\"@id\":\"https:\/\/nativainfo.com\/#\/schema\/person\/24893b64a9cd564ddb5d102d36eb4b5c\"},\"headline\":\"El gobierno porte\u00f1o planea permitir el regreso del p\u00fablico en los estadios de primera divisi\u00f3n a partir de marzo\",\"datePublished\":\"2021-02-09T03:47:08+00:00\",\"mainEntityOfPage\":{\"@id\":\"https:\/\/nativainfo.com\/?p=1320\"},\"wordCount\":149,\"commentCount\":0,\"publisher\":{\"@id\":\"https:\/\/nativainfo.com\/#organization\"},\"image\":{\"@id\":\"https:\/\/nativainfo.com\/?p=1320#primaryimage\"},\"thumbnailUrl\":\"http:\/\/nativainfo.com\/wp-content\/uploads\/2021\/02\/CANCHA-RACING-2-1024x768.jpg\",\"articleSection\":[\"Deportes\",\"F\u00fatbol\"],\"inLanguage\":\"es-AR\",\"potentialAction\":[{\"@type\":\"CommentAction\",\"name\":\"Comment\",\"target\":[\"https:\/\/nativainfo.com\/?p=1320#respond\"]}]},{\"@type\":\"WebPage\",\"@id\":\"https:\/\/nativainfo.com\/?p=1320\",\"url\":\"https:\/\/nativainfo.com\/?p=1320\",\"name\":\"El gobierno porte\u00f1o planea permitir el regreso del p\u00fablico en los estadios de primera divisi\u00f3n a partir de marzo - Nativa Info\",\"isPartOf\":{\"@id\":\"https:\/\/nativainfo.com\/#website\"},\"primaryImageOfPage\":{\"@id\":\"https:\/\/nativainfo.com\/?p=1320#primaryimage\"},\"image\":{\"@id\":\"https:\/\/nativainfo.com\/?p=1320#primaryimage\"},\"thumbnailUrl\":\"http:\/\/nativainfo.com\/wp-content\/uploads\/2021\/02\/CANCHA-RACING-2-1024x768.jpg\",\"datePublished\":\"2021-02-09T03:47:08+00:00\",\"breadcrumb\":{\"@id\":\"https:\/\/nativainfo.com\/?p=1320#breadcrumb\"},\"inLanguage\":\"es-AR\",\"potentialAction\":[{\"@type\":\"ReadAction\",\"target\":[\"https:\/\/nativainfo.com\/?p=1320\"]}]},{\"@type\":\"ImageObject\",\"inLanguage\":\"es-AR\",\"@id\":\"https:\/\/nativainfo.com\/?p=1320#primaryimage\",\"url\":\"https:\/\/nativainfo.com\/wp-content\/uploads\/2021\/02\/CANCHA-RACING-2-scaled.jpg\",\"contentUrl\":\"https:\/\/nativainfo.com\/wp-content\/uploads\/2021\/02\/CANCHA-RACING-2-scaled.jpg\",\"width\":2560,\"height\":1920,\"caption\":\"Estadios del f\u00fatbol argentino\"},{\"@type\":\"BreadcrumbList\",\"@id\":\"https:\/\/nativainfo.com\/?p=1320#breadcrumb\",\"itemListElement\":[{\"@type\":\"ListItem\",\"position\":1,\"name\":\"Inicio\",\"item\":\"https:\/\/nativainfo.com\/\"},{\"@type\":\"ListItem\",\"position\":2,\"name\":\"El gobierno porte\u00f1o planea permitir el regreso del p\u00fablico en los estadios de primera divisi\u00f3n a partir de marzo\"}]},{\"@type\":\"WebSite\",\"@id\":\"https:\/\/nativainfo.com\/#website\",\"url\":\"https:\/\/nativainfo.com\/\",\"name\":\"Nativa Info\",\"description\":\"Diario Digital\",\"publisher\":{\"@id\":\"https:\/\/nativainfo.com\/#organization\"},\"potentialAction\":[{\"@type\":\"SearchAction\",\"target\":{\"@type\":\"EntryPoint\",\"urlTemplate\":\"https:\/\/nativainfo.com\/?s={search_term_string}\"},\"query-input\":{\"@type\":\"PropertyValueSpecification\",\"valueRequired\":true,\"valueName\":\"search_term_string\"}}],\"inLanguage\":\"es-AR\"},{\"@type\":\"Organization\",\"@id\":\"https:\/\/nativainfo.com\/#organization\",\"name\":\"Nativa Info\",\"url\":\"https:\/\/nativainfo.com\/\",\"logo\":{\"@type\":\"ImageObject\",\"inLanguage\":\"es-AR\",\"@id\":\"https:\/\/nativainfo.com\/#\/schema\/logo\/image\/\",\"url\":\"https:\/\/nativainfo.com\/wp-content\/uploads\/2025\/08\/LOGO-NATIVA-FACE.jpg\",\"contentUrl\":\"https:\/\/nativainfo.com\/wp-content\/uploads\/2025\/08\/LOGO-NATIVA-FACE.jpg\",\"width\":400,\"height\":400,\"caption\":\"Nativa Info\"},\"image\":{\"@id\":\"https:\/\/nativainfo.com\/#\/schema\/logo\/image\/\"},\"sameAs\":[\"https:\/\/www.facebook.com\/profile.php?id=61578881597564\"]},{\"@type\":\"Person\",\"@id\":\"https:\/\/nativainfo.com\/#\/schema\/person\/24893b64a9cd564ddb5d102d36eb4b5c\",\"name\":\"Nativa Info\",\"image\":{\"@type\":\"ImageObject\",\"inLanguage\":\"es-AR\",\"@id\":\"https:\/\/nativainfo.com\/#\/schema\/person\/image\/\",\"url\":\"https:\/\/secure.gravatar.com\/avatar\/016fa1cf068d85136d938e1507b9b619cb766e2565cbb1faa1e571762460c785?s=96&d=mm&r=g\",\"contentUrl\":\"https:\/\/secure.gravatar.com\/avatar\/016fa1cf068d85136d938e1507b9b619cb766e2565cbb1faa1e571762460c785?s=96&d=mm&r=g\",\"caption\":\"Nativa Info\"},\"sameAs\":[\"http:\/\/nativainfo.com\"],\"url\":\"https:\/\/nativainfo.com\/?author=1\"}]}<\/script>\n<!-- \/ Yoast SEO plugin. -->","yoast_head_json":{"title":"El gobierno porte\u00f1o planea permitir el regreso del p\u00fablico en los estadios de primera divisi\u00f3n a partir de marzo - Nativa Info","robots":{"index":"index","follow":"follow","max-snippet":"max-snippet:-1","max-image-preview":"max-image-preview:large","max-video-preview":"max-video-preview:-1"},"canonical":"https:\/\/nativainfo.com\/?p=1320","og_locale":"es_ES","og_type":"article","og_title":"El gobierno porte\u00f1o planea permitir el regreso del p\u00fablico en los estadios de primera divisi\u00f3n a partir de marzo - Nativa Info","og_description":"El resto de las provincias con equipos en la m\u00e1xima categor\u00eda ya est\u00e1n en conversaciones para adecuarse a la medida.... Continue reading","og_url":"https:\/\/nativainfo.com\/?p=1320","og_site_name":"Nativa Info","article_publisher":"https:\/\/www.facebook.com\/profile.php?id=61578881597564","article_published_time":"2021-02-09T03:47:08+00:00","og_image":[{"url":"http:\/\/nativainfo.com\/wp-content\/uploads\/2021\/02\/CANCHA-RACING-2-1024x768.jpg","type":"","width":"","height":""}],"author":"Nativa Info","twitter_card":"summary_large_image","twitter_misc":{"Escrito por":"Nativa Info","Tiempo de lectura":"1 minuto"},"schema":{"@context":"https:\/\/schema.org","@graph":[{"@type":"Article","@id":"https:\/\/nativainfo.com\/?p=1320#article","isPartOf":{"@id":"https:\/\/nativainfo.com\/?p=1320"},"author":{"name":"Nativa Info","@id":"https:\/\/nativainfo.com\/#\/schema\/person\/24893b64a9cd564ddb5d102d36eb4b5c"},"headline":"El gobierno porte\u00f1o planea permitir el regreso del p\u00fablico en los estadios de primera divisi\u00f3n a partir de marzo","datePublished":"2021-02-09T03:47:08+00:00","mainEntityOfPage":{"@id":"https:\/\/nativainfo.com\/?p=1320"},"wordCount":149,"commentCount":0,"publisher":{"@id":"https:\/\/nativainfo.com\/#organization"},"image":{"@id":"https:\/\/nativainfo.com\/?p=1320#primaryimage"},"thumbnailUrl":"http:\/\/nativainfo.com\/wp-content\/uploads\/2021\/02\/CANCHA-RACING-2-1024x768.jpg","articleSection":["Deportes","F\u00fatbol"],"inLanguage":"es-AR","potentialAction":[{"@type":"CommentAction","name":"Comment","target":["https:\/\/nativainfo.com\/?p=1320#respond"]}]},{"@type":"WebPage","@id":"https:\/\/nativainfo.com\/?p=1320","url":"https:\/\/nativainfo.com\/?p=1320","name":"El gobierno porte\u00f1o planea permitir el regreso del p\u00fablico en los estadios de primera divisi\u00f3n a partir de marzo - Nativa Info","isPartOf":{"@id":"https:\/\/nativainfo.com\/#website"},"primaryImageOfPage":{"@id":"https:\/\/nativainfo.com\/?p=1320#primaryimage"},"image":{"@id":"https:\/\/nativainfo.com\/?p=1320#primaryimage"},"thumbnailUrl":"http:\/\/nativainfo.com\/wp-content\/uploads\/2021\/02\/CANCHA-RACING-2-1024x768.jpg","datePublished":"2021-02-09T03:47:08+00:00","breadcrumb":{"@id":"https:\/\/nativainfo.com\/?p=1320#breadcrumb"},"inLanguage":"es-AR","potentialAction":[{"@type":"ReadAction","target":["https:\/\/nativainfo.com\/?p=1320"]}]},{"@type":"ImageObject","inLanguage":"es-AR","@id":"https:\/\/nativainfo.com\/?p=1320#primaryimage","url":"https:\/\/nativainfo.com\/wp-content\/uploads\/2021\/02\/CANCHA-RACING-2-scaled.jpg","contentUrl":"https:\/\/nativainfo.com\/wp-content\/uploads\/2021\/02\/CANCHA-RACING-2-scaled.jpg","width":2560,"height":1920,"caption":"Estadios del f\u00fatbol argentino"},{"@type":"BreadcrumbList","@id":"https:\/\/nativainfo.com\/?p=1320#breadcrumb","itemListElement":[{"@type":"ListItem","position":1,"name":"Inicio","item":"https:\/\/nativainfo.com\/"},{"@type":"ListItem","position":2,"name":"El gobierno porte\u00f1o planea permitir el regreso del p\u00fablico en los estadios de primera divisi\u00f3n a partir de marzo"}]},{"@type":"WebSite","@id":"https:\/\/nativainfo.com\/#website","url":"https:\/\/nativainfo.com\/","name":"Nativa Info","description":"Diario Digital","publisher":{"@id":"https:\/\/nativainfo.com\/#organization"},"potentialAction":[{"@type":"SearchAction","target":{"@type":"EntryPoint","urlTemplate":"https:\/\/nativainfo.com\/?s={search_term_string}"},"query-input":{"@type":"PropertyValueSpecification","valueRequired":true,"valueName":"search_term_string"}}],"inLanguage":"es-AR"},{"@type":"Organization","@id":"https:\/\/nativainfo.com\/#organization","name":"Nativa Info","url":"https:\/\/nativainfo.com\/","logo":{"@type":"ImageObject","inLanguage":"es-AR","@id":"https:\/\/nativainfo.com\/#\/schema\/logo\/image\/","url":"https:\/\/nativainfo.com\/wp-content\/uploads\/2025\/08\/LOGO-NATIVA-FACE.jpg","contentUrl":"https:\/\/nativainfo.com\/wp-content\/uploads\/2025\/08\/LOGO-NATIVA-FACE.jpg","width":400,"height":400,"caption":"Nativa Info"},"image":{"@id":"https:\/\/nativainfo.com\/#\/schema\/logo\/image\/"},"sameAs":["https:\/\/www.facebook.com\/profile.php?id=61578881597564"]},{"@type":"Person","@id":"https:\/\/nativainfo.com\/#\/schema\/person\/24893b64a9cd564ddb5d102d36eb4b5c","name":"Nativa Info","image":{"@type":"ImageObject","inLanguage":"es-AR","@id":"https:\/\/nativainfo.com\/#\/schema\/person\/image\/","url":"https:\/\/secure.gravatar.com\/avatar\/016fa1cf068d85136d938e1507b9b619cb766e2565cbb1faa1e571762460c785?s=96&d=mm&r=g","contentUrl":"https:\/\/secure.gravatar.com\/avatar\/016fa1cf068d85136d938e1507b9b619cb766e2565cbb1faa1e571762460c785?s=96&d=mm&r=g","caption":"Nativa Info"},"sameAs":["http:\/\/nativainfo.com"],"url":"https:\/\/nativainfo.com\/?author=1"}]}},"jetpack_publicize_connections":[],"_links":{"self":[{"href":"https:\/\/nativainfo.com\/index.php?rest_route=\/wp\/v2\/posts\/1320","targetHints":{"allow":["GET"]}}],"collection":[{"href":"https:\/\/nativainfo.com\/index.php?rest_route=\/wp\/v2\/posts"}],"about":[{"href":"https:\/\/nativainfo.com\/index.php?rest_route=\/wp\/v2\/types\/post"}],"author":[{"embeddable":true,"href":"https:\/\/nativainfo.com\/index.php?rest_route=\/wp\/v2\/users\/1"}],"replies":[{"embeddable":true,"href":"https:\/\/nativainfo.com\/index.php?rest_route=%2Fwp%2Fv2%2Fcomments&post=1320"}],"version-history":[{"count":1,"href":"https:\/\/nativainfo.com\/index.php?rest_route=\/wp\/v2\/posts\/1320\/revisions"}],"predecessor-version":[{"id":1323,"href":"https:\/\/nativainfo.com\/index.php?rest_route=\/wp\/v2\/posts\/1320\/revisions\/1323"}],"wp:attachment":[{"href":"https:\/\/nativainfo.com\/index.php?rest_route=%2Fwp%2Fv2%2Fmedia&parent=1320"}],"wp:term":[{"taxonomy":"category","embeddable":true,"href":"https:\/\/nativainfo.com\/index.php?rest_route=%2Fwp%2Fv2%2Fcategories&post=1320"},{"taxonomy":"post_tag","embeddable":true,"href":"https:\/\/nativainfo.com\/index.php?rest_route=%2Fwp%2Fv2%2Ftags&post=1320"}],"curies":[{"name":"wp","href":"https:\/\/api.w.org\/{rel}","templated":true}]}}