{"id":1280,"date":"2021-01-31T03:51:53","date_gmt":"2021-01-31T06:51:53","guid":{"rendered":"http:\/\/nativainfo.com\/?p=1280"},"modified":"2021-01-31T03:51:53","modified_gmt":"2021-01-31T06:51:53","slug":"murio-patricio-farcuh-el-ultimo-dueno-de-oca","status":"publish","type":"post","link":"https:\/\/nativainfo.com\/?p=1280","title":{"rendered":"Muri\u00f3 Patricio Farcuh, el \u00faltimo due\u00f1o de OCA"},"content":{"rendered":"\n<p>El empresario falleci\u00f3 de un paro card\u00edaco. Hab\u00eda sido desplazado de su cargo en 2019, cuando la Justicia resolvi\u00f3 declarar la quiebra de la firma postal.<\/p>\n\n\n\n<figure class=\"wp-block-image size-large\"><img fetchpriority=\"high\" decoding=\"async\" width=\"1024\" height=\"505\" src=\"http:\/\/nativainfo.com\/wp-content\/uploads\/2021\/01\/imagen_2021-01-31_035014-1024x505.png\" alt=\"\" class=\"wp-image-1282\" srcset=\"https:\/\/nativainfo.com\/wp-content\/uploads\/2021\/01\/imagen_2021-01-31_035014-1024x505.png 1024w, https:\/\/nativainfo.com\/wp-content\/uploads\/2021\/01\/imagen_2021-01-31_035014-300x148.png 300w, https:\/\/nativainfo.com\/wp-content\/uploads\/2021\/01\/imagen_2021-01-31_035014-768x379.png 768w, https:\/\/nativainfo.com\/wp-content\/uploads\/2021\/01\/imagen_2021-01-31_035014-709x350.png 709w, https:\/\/nativainfo.com\/wp-content\/uploads\/2021\/01\/imagen_2021-01-31_035014-150x74.png 150w, https:\/\/nativainfo.com\/wp-content\/uploads\/2021\/01\/imagen_2021-01-31_035014.png 1256w\" sizes=\"(max-width: 1024px) 100vw, 1024px\" \/><\/figure>\n\n\n\n<p><strong>Patricio Farcuh<\/strong>, \u00faltimo due\u00f1o formal de la empresa privada de correo\u00a0OCA, muri\u00f3 este s\u00e1bado por un paro card\u00edaco a los 43 a\u00f1os.<\/p>\n\n\n\n<p>Farcuh era contador p\u00fablico recibido de la Universidad de Buenos Aires,\u00a0fue Doctor Honoris Causa de la Facultad de Ciencias Econ\u00f3micas (FCE) y\u00a0obtuvo un Master en Administraci\u00f3n de Empresas por el IAE.<\/p>\n\n\n\n<p>Fuente: Clar\u00edn<\/p>\n","protected":false},"excerpt":{"rendered":"<p>El empresario falleci\u00f3 de un paro card\u00edaco. Hab\u00eda sido desplazado de su cargo en 2019, cuando la Justicia resolvi\u00f3 declarar&#8230; <a class=\"continue-reading-link\" href=\"https:\/\/nativainfo.com\/?p=1280\">Continue reading<\/a><\/p>\n","protected":false},"author":1,"featured_media":0,"comment_status":"open","ping_status":"open","sticky":false,"template":"","format":"standard","meta":{"rop_custom_images_group":[],"rop_custom_messages_group":[],"rop_publish_now":"initial","rop_publish_now_accounts":[],"rop_publish_now_history":[],"rop_publish_now_status":"pending","footnotes":"","jetpack_publicize_message":"","jetpack_publicize_feature_enabled":true,"jetpack_social_post_already_shared":false,"jetpack_social_options":{"image_generator_settings":{"template":"highway","default_image_id":0,"font":"","enabled":false},"version":2}},"categories":[8],"tags":[],"class_list":["post-1280","post","type-post","status-publish","format-standard","hentry","category-noticias"],"yoast_head":"<!-- This site is optimized with the Yoast SEO plugin v25.6 - https:\/\/yoast.com\/wordpress\/plugins\/seo\/ -->\n<title>Muri\u00f3 Patricio Farcuh, el \u00faltimo due\u00f1o de OCA - Nativa Info<\/title>\n<meta name=\"robots\" content=\"index, follow, max-snippet:-1, max-image-preview:large, max-video-preview:-1\" \/>\n<link rel=\"canonical\" href=\"https:\/\/nativainfo.com\/?p=1280\" \/>\n<meta property=\"og:locale\" content=\"es_ES\" \/>\n<meta property=\"og:type\" content=\"article\" \/>\n<meta property=\"og:title\" content=\"Muri\u00f3 Patricio Farcuh, el \u00faltimo due\u00f1o de OCA - Nativa Info\" \/>\n<meta property=\"og:description\" content=\"El empresario falleci\u00f3 de un paro card\u00edaco. Hab\u00eda sido desplazado de su cargo en 2019, cuando la Justicia resolvi\u00f3 declarar... Continue reading\" \/>\n<meta property=\"og:url\" content=\"https:\/\/nativainfo.com\/?p=1280\" \/>\n<meta property=\"og:site_name\" content=\"Nativa Info\" \/>\n<meta property=\"article:publisher\" content=\"https:\/\/www.facebook.com\/profile.php?id=61578881597564\" \/>\n<meta property=\"article:published_time\" content=\"2021-01-31T06:51:53+00:00\" \/>\n<meta property=\"og:image\" content=\"http:\/\/nativainfo.com\/wp-content\/uploads\/2021\/01\/imagen_2021-01-31_035014-1024x505.png\" \/>\n<meta name=\"author\" content=\"Nativa Info\" \/>\n<meta name=\"twitter:card\" content=\"summary_large_image\" \/>\n<meta name=\"twitter:label1\" content=\"Escrito por\" \/>\n\t<meta name=\"twitter:data1\" content=\"Nativa Info\" \/>\n<script type=\"application\/ld+json\" class=\"yoast-schema-graph\">{\"@context\":\"https:\/\/schema.org\",\"@graph\":[{\"@type\":\"Article\",\"@id\":\"https:\/\/nativainfo.com\/?p=1280#article\",\"isPartOf\":{\"@id\":\"https:\/\/nativainfo.com\/?p=1280\"},\"author\":{\"name\":\"Nativa Info\",\"@id\":\"https:\/\/nativainfo.com\/#\/schema\/person\/24893b64a9cd564ddb5d102d36eb4b5c\"},\"headline\":\"Muri\u00f3 Patricio Farcuh, el \u00faltimo due\u00f1o de OCA\",\"datePublished\":\"2021-01-31T06:51:53+00:00\",\"mainEntityOfPage\":{\"@id\":\"https:\/\/nativainfo.com\/?p=1280\"},\"wordCount\":101,\"commentCount\":0,\"publisher\":{\"@id\":\"https:\/\/nativainfo.com\/#organization\"},\"image\":{\"@id\":\"https:\/\/nativainfo.com\/?p=1280#primaryimage\"},\"thumbnailUrl\":\"http:\/\/nativainfo.com\/wp-content\/uploads\/2021\/01\/imagen_2021-01-31_035014-1024x505.png\",\"articleSection\":[\"Noticias\"],\"inLanguage\":\"es-AR\",\"potentialAction\":[{\"@type\":\"CommentAction\",\"name\":\"Comment\",\"target\":[\"https:\/\/nativainfo.com\/?p=1280#respond\"]}]},{\"@type\":\"WebPage\",\"@id\":\"https:\/\/nativainfo.com\/?p=1280\",\"url\":\"https:\/\/nativainfo.com\/?p=1280\",\"name\":\"Muri\u00f3 Patricio Farcuh, el \u00faltimo due\u00f1o de OCA - Nativa Info\",\"isPartOf\":{\"@id\":\"https:\/\/nativainfo.com\/#website\"},\"primaryImageOfPage\":{\"@id\":\"https:\/\/nativainfo.com\/?p=1280#primaryimage\"},\"image\":{\"@id\":\"https:\/\/nativainfo.com\/?p=1280#primaryimage\"},\"thumbnailUrl\":\"http:\/\/nativainfo.com\/wp-content\/uploads\/2021\/01\/imagen_2021-01-31_035014-1024x505.png\",\"datePublished\":\"2021-01-31T06:51:53+00:00\",\"breadcrumb\":{\"@id\":\"https:\/\/nativainfo.com\/?p=1280#breadcrumb\"},\"inLanguage\":\"es-AR\",\"potentialAction\":[{\"@type\":\"ReadAction\",\"target\":[\"https:\/\/nativainfo.com\/?p=1280\"]}]},{\"@type\":\"ImageObject\",\"inLanguage\":\"es-AR\",\"@id\":\"https:\/\/nativainfo.com\/?p=1280#primaryimage\",\"url\":\"https:\/\/nativainfo.com\/wp-content\/uploads\/2021\/01\/imagen_2021-01-31_035014.png\",\"contentUrl\":\"https:\/\/nativainfo.com\/wp-content\/uploads\/2021\/01\/imagen_2021-01-31_035014.png\",\"width\":1256,\"height\":620},{\"@type\":\"BreadcrumbList\",\"@id\":\"https:\/\/nativainfo.com\/?p=1280#breadcrumb\",\"itemListElement\":[{\"@type\":\"ListItem\",\"position\":1,\"name\":\"Inicio\",\"item\":\"https:\/\/nativainfo.com\/\"},{\"@type\":\"ListItem\",\"position\":2,\"name\":\"Muri\u00f3 Patricio Farcuh, el \u00faltimo due\u00f1o de OCA\"}]},{\"@type\":\"WebSite\",\"@id\":\"https:\/\/nativainfo.com\/#website\",\"url\":\"https:\/\/nativainfo.com\/\",\"name\":\"Nativa Info\",\"description\":\"Diario Digital\",\"publisher\":{\"@id\":\"https:\/\/nativainfo.com\/#organization\"},\"potentialAction\":[{\"@type\":\"SearchAction\",\"target\":{\"@type\":\"EntryPoint\",\"urlTemplate\":\"https:\/\/nativainfo.com\/?s={search_term_string}\"},\"query-input\":{\"@type\":\"PropertyValueSpecification\",\"valueRequired\":true,\"valueName\":\"search_term_string\"}}],\"inLanguage\":\"es-AR\"},{\"@type\":\"Organization\",\"@id\":\"https:\/\/nativainfo.com\/#organization\",\"name\":\"Nativa Info\",\"url\":\"https:\/\/nativainfo.com\/\",\"logo\":{\"@type\":\"ImageObject\",\"inLanguage\":\"es-AR\",\"@id\":\"https:\/\/nativainfo.com\/#\/schema\/logo\/image\/\",\"url\":\"https:\/\/nativainfo.com\/wp-content\/uploads\/2025\/08\/LOGO-NATIVA-FACE.jpg\",\"contentUrl\":\"https:\/\/nativainfo.com\/wp-content\/uploads\/2025\/08\/LOGO-NATIVA-FACE.jpg\",\"width\":400,\"height\":400,\"caption\":\"Nativa Info\"},\"image\":{\"@id\":\"https:\/\/nativainfo.com\/#\/schema\/logo\/image\/\"},\"sameAs\":[\"https:\/\/www.facebook.com\/profile.php?id=61578881597564\"]},{\"@type\":\"Person\",\"@id\":\"https:\/\/nativainfo.com\/#\/schema\/person\/24893b64a9cd564ddb5d102d36eb4b5c\",\"name\":\"Nativa Info\",\"image\":{\"@type\":\"ImageObject\",\"inLanguage\":\"es-AR\",\"@id\":\"https:\/\/nativainfo.com\/#\/schema\/person\/image\/\",\"url\":\"https:\/\/secure.gravatar.com\/avatar\/016fa1cf068d85136d938e1507b9b619cb766e2565cbb1faa1e571762460c785?s=96&d=mm&r=g\",\"contentUrl\":\"https:\/\/secure.gravatar.com\/avatar\/016fa1cf068d85136d938e1507b9b619cb766e2565cbb1faa1e571762460c785?s=96&d=mm&r=g\",\"caption\":\"Nativa Info\"},\"sameAs\":[\"http:\/\/nativainfo.com\"],\"url\":\"https:\/\/nativainfo.com\/?author=1\"}]}<\/script>\n<!-- \/ Yoast SEO plugin. -->","yoast_head_json":{"title":"Muri\u00f3 Patricio Farcuh, el \u00faltimo due\u00f1o de OCA - Nativa Info","robots":{"index":"index","follow":"follow","max-snippet":"max-snippet:-1","max-image-preview":"max-image-preview:large","max-video-preview":"max-video-preview:-1"},"canonical":"https:\/\/nativainfo.com\/?p=1280","og_locale":"es_ES","og_type":"article","og_title":"Muri\u00f3 Patricio Farcuh, el \u00faltimo due\u00f1o de OCA - Nativa Info","og_description":"El empresario falleci\u00f3 de un paro card\u00edaco. Hab\u00eda sido desplazado de su cargo en 2019, cuando la Justicia resolvi\u00f3 declarar... Continue reading","og_url":"https:\/\/nativainfo.com\/?p=1280","og_site_name":"Nativa Info","article_publisher":"https:\/\/www.facebook.com\/profile.php?id=61578881597564","article_published_time":"2021-01-31T06:51:53+00:00","og_image":[{"url":"http:\/\/nativainfo.com\/wp-content\/uploads\/2021\/01\/imagen_2021-01-31_035014-1024x505.png","type":"","width":"","height":""}],"author":"Nativa Info","twitter_card":"summary_large_image","twitter_misc":{"Escrito por":"Nativa Info"},"schema":{"@context":"https:\/\/schema.org","@graph":[{"@type":"Article","@id":"https:\/\/nativainfo.com\/?p=1280#article","isPartOf":{"@id":"https:\/\/nativainfo.com\/?p=1280"},"author":{"name":"Nativa Info","@id":"https:\/\/nativainfo.com\/#\/schema\/person\/24893b64a9cd564ddb5d102d36eb4b5c"},"headline":"Muri\u00f3 Patricio Farcuh, el \u00faltimo due\u00f1o de OCA","datePublished":"2021-01-31T06:51:53+00:00","mainEntityOfPage":{"@id":"https:\/\/nativainfo.com\/?p=1280"},"wordCount":101,"commentCount":0,"publisher":{"@id":"https:\/\/nativainfo.com\/#organization"},"image":{"@id":"https:\/\/nativainfo.com\/?p=1280#primaryimage"},"thumbnailUrl":"http:\/\/nativainfo.com\/wp-content\/uploads\/2021\/01\/imagen_2021-01-31_035014-1024x505.png","articleSection":["Noticias"],"inLanguage":"es-AR","potentialAction":[{"@type":"CommentAction","name":"Comment","target":["https:\/\/nativainfo.com\/?p=1280#respond"]}]},{"@type":"WebPage","@id":"https:\/\/nativainfo.com\/?p=1280","url":"https:\/\/nativainfo.com\/?p=1280","name":"Muri\u00f3 Patricio Farcuh, el \u00faltimo due\u00f1o de OCA - Nativa Info","isPartOf":{"@id":"https:\/\/nativainfo.com\/#website"},"primaryImageOfPage":{"@id":"https:\/\/nativainfo.com\/?p=1280#primaryimage"},"image":{"@id":"https:\/\/nativainfo.com\/?p=1280#primaryimage"},"thumbnailUrl":"http:\/\/nativainfo.com\/wp-content\/uploads\/2021\/01\/imagen_2021-01-31_035014-1024x505.png","datePublished":"2021-01-31T06:51:53+00:00","breadcrumb":{"@id":"https:\/\/nativainfo.com\/?p=1280#breadcrumb"},"inLanguage":"es-AR","potentialAction":[{"@type":"ReadAction","target":["https:\/\/nativainfo.com\/?p=1280"]}]},{"@type":"ImageObject","inLanguage":"es-AR","@id":"https:\/\/nativainfo.com\/?p=1280#primaryimage","url":"https:\/\/nativainfo.com\/wp-content\/uploads\/2021\/01\/imagen_2021-01-31_035014.png","contentUrl":"https:\/\/nativainfo.com\/wp-content\/uploads\/2021\/01\/imagen_2021-01-31_035014.png","width":1256,"height":620},{"@type":"BreadcrumbList","@id":"https:\/\/nativainfo.com\/?p=1280#breadcrumb","itemListElement":[{"@type":"ListItem","position":1,"name":"Inicio","item":"https:\/\/nativainfo.com\/"},{"@type":"ListItem","position":2,"name":"Muri\u00f3 Patricio Farcuh, el \u00faltimo due\u00f1o de OCA"}]},{"@type":"WebSite","@id":"https:\/\/nativainfo.com\/#website","url":"https:\/\/nativainfo.com\/","name":"Nativa Info","description":"Diario Digital","publisher":{"@id":"https:\/\/nativainfo.com\/#organization"},"potentialAction":[{"@type":"SearchAction","target":{"@type":"EntryPoint","urlTemplate":"https:\/\/nativainfo.com\/?s={search_term_string}"},"query-input":{"@type":"PropertyValueSpecification","valueRequired":true,"valueName":"search_term_string"}}],"inLanguage":"es-AR"},{"@type":"Organization","@id":"https:\/\/nativainfo.com\/#organization","name":"Nativa Info","url":"https:\/\/nativainfo.com\/","logo":{"@type":"ImageObject","inLanguage":"es-AR","@id":"https:\/\/nativainfo.com\/#\/schema\/logo\/image\/","url":"https:\/\/nativainfo.com\/wp-content\/uploads\/2025\/08\/LOGO-NATIVA-FACE.jpg","contentUrl":"https:\/\/nativainfo.com\/wp-content\/uploads\/2025\/08\/LOGO-NATIVA-FACE.jpg","width":400,"height":400,"caption":"Nativa Info"},"image":{"@id":"https:\/\/nativainfo.com\/#\/schema\/logo\/image\/"},"sameAs":["https:\/\/www.facebook.com\/profile.php?id=61578881597564"]},{"@type":"Person","@id":"https:\/\/nativainfo.com\/#\/schema\/person\/24893b64a9cd564ddb5d102d36eb4b5c","name":"Nativa Info","image":{"@type":"ImageObject","inLanguage":"es-AR","@id":"https:\/\/nativainfo.com\/#\/schema\/person\/image\/","url":"https:\/\/secure.gravatar.com\/avatar\/016fa1cf068d85136d938e1507b9b619cb766e2565cbb1faa1e571762460c785?s=96&d=mm&r=g","contentUrl":"https:\/\/secure.gravatar.com\/avatar\/016fa1cf068d85136d938e1507b9b619cb766e2565cbb1faa1e571762460c785?s=96&d=mm&r=g","caption":"Nativa Info"},"sameAs":["http:\/\/nativainfo.com"],"url":"https:\/\/nativainfo.com\/?author=1"}]}},"jetpack_publicize_connections":[],"_links":{"self":[{"href":"https:\/\/nativainfo.com\/index.php?rest_route=\/wp\/v2\/posts\/1280","targetHints":{"allow":["GET"]}}],"collection":[{"href":"https:\/\/nativainfo.com\/index.php?rest_route=\/wp\/v2\/posts"}],"about":[{"href":"https:\/\/nativainfo.com\/index.php?rest_route=\/wp\/v2\/types\/post"}],"author":[{"embeddable":true,"href":"https:\/\/nativainfo.com\/index.php?rest_route=\/wp\/v2\/users\/1"}],"replies":[{"embeddable":true,"href":"https:\/\/nativainfo.com\/index.php?rest_route=%2Fwp%2Fv2%2Fcomments&post=1280"}],"version-history":[{"count":1,"href":"https:\/\/nativainfo.com\/index.php?rest_route=\/wp\/v2\/posts\/1280\/revisions"}],"predecessor-version":[{"id":1285,"href":"https:\/\/nativainfo.com\/index.php?rest_route=\/wp\/v2\/posts\/1280\/revisions\/1285"}],"wp:attachment":[{"href":"https:\/\/nativainfo.com\/index.php?rest_route=%2Fwp%2Fv2%2Fmedia&parent=1280"}],"wp:term":[{"taxonomy":"category","embeddable":true,"href":"https:\/\/nativainfo.com\/index.php?rest_route=%2Fwp%2Fv2%2Fcategories&post=1280"},{"taxonomy":"post_tag","embeddable":true,"href":"https:\/\/nativainfo.com\/index.php?rest_route=%2Fwp%2Fv2%2Ftags&post=1280"}],"curies":[{"name":"wp","href":"https:\/\/api.w.org\/{rel}","templated":true}]}}