{"id":1260,"date":"2021-01-28T00:06:33","date_gmt":"2021-01-28T03:06:33","guid":{"rendered":"http:\/\/nativainfo.com\/?p=1260"},"modified":"2021-01-28T00:06:33","modified_gmt":"2021-01-28T03:06:33","slug":"uruguay-reabre-parcialmente-sus-fronteras-permitira-el-ingreso-de-uruguayos-y-extranjeros-residentes","status":"publish","type":"post","link":"https:\/\/nativainfo.com\/?p=1260","title":{"rendered":"Uruguay reabre parcialmente sus fronteras: permitir\u00e1 el ingreso de uruguayos y extranjeros residentes"},"content":{"rendered":"\n<p>As\u00ed lo anunci\u00f3 el presidente Luis Lacalle Pou, quien de esa manera flexibiliz\u00f3 la medida que reg\u00eda hasta el 31 de enero<\/p>\n\n\n\n<figure class=\"wp-block-image size-large\"><img fetchpriority=\"high\" decoding=\"async\" width=\"768\" height=\"512\" src=\"http:\/\/nativainfo.com\/wp-content\/uploads\/2021\/01\/S3ZSC2BPQZFVRMNNPAXMOT7T7Y.jpg\" alt=\"\" class=\"wp-image-1264\" srcset=\"https:\/\/nativainfo.com\/wp-content\/uploads\/2021\/01\/S3ZSC2BPQZFVRMNNPAXMOT7T7Y.jpg 768w, https:\/\/nativainfo.com\/wp-content\/uploads\/2021\/01\/S3ZSC2BPQZFVRMNNPAXMOT7T7Y-300x200.jpg 300w, https:\/\/nativainfo.com\/wp-content\/uploads\/2021\/01\/S3ZSC2BPQZFVRMNNPAXMOT7T7Y-525x350.jpg 525w, https:\/\/nativainfo.com\/wp-content\/uploads\/2021\/01\/S3ZSC2BPQZFVRMNNPAXMOT7T7Y-150x100.jpg 150w\" sizes=\"(max-width: 768px) 100vw, 768px\" \/><\/figure>\n\n\n\n<p>El presidente de Uruguay&nbsp;<strong>Luis Lacalle Pou anunci\u00f3 el mi\u00e9rcoles que el pa\u00eds regresar\u00e1 a un \u201ccierre parcial de fronteras\u201d,<\/strong>&nbsp;despu\u00e9s del cierre total que regir\u00e1 hasta el 31 de enero pr\u00f3ximo, implementado como consecuencia del aumento de casos de COVID-19.<\/p>\n\n\n\n<p>Esa flexibilizaci\u00f3n implicar\u00e1 que\u00a0<strong>podr\u00e1n regresar los ciudadanos uruguayos que se encuentren en el exterior y los residentes extranjeros<\/strong>. Tambi\u00e9n mencion\u00f3 que estar\u00e1n habilitadas a regresar \u201calgunas otras excepciones\u201d, pero no brind\u00f3 de inmediato mayores detalles sobre cuales son.<\/p>\n\n\n\n<p>Fuente: Infobae<\/p>\n","protected":false},"excerpt":{"rendered":"<p>As\u00ed lo anunci\u00f3 el presidente Luis Lacalle Pou, quien de esa manera flexibiliz\u00f3 la medida que reg\u00eda hasta el 31&#8230; <a class=\"continue-reading-link\" href=\"https:\/\/nativainfo.com\/?p=1260\">Continue reading<\/a><\/p>\n","protected":false},"author":1,"featured_media":0,"comment_status":"open","ping_status":"open","sticky":false,"template":"","format":"standard","meta":{"rop_custom_images_group":[],"rop_custom_messages_group":[],"rop_publish_now":"initial","rop_publish_now_accounts":[],"rop_publish_now_history":[],"rop_publish_now_status":"pending","footnotes":"","jetpack_publicize_message":"","jetpack_publicize_feature_enabled":true,"jetpack_social_post_already_shared":false,"jetpack_social_options":{"image_generator_settings":{"template":"highway","default_image_id":0,"font":"","enabled":false},"version":2}},"categories":[8,53],"tags":[],"class_list":["post-1260","post","type-post","status-publish","format-standard","hentry","category-noticias","category-nuevas-medidas"],"yoast_head":"<!-- This site is optimized with the Yoast SEO plugin v25.6 - https:\/\/yoast.com\/wordpress\/plugins\/seo\/ -->\n<title>Uruguay reabre parcialmente sus fronteras: permitir\u00e1 el ingreso de uruguayos y extranjeros residentes - Nativa Info<\/title>\n<meta name=\"robots\" content=\"index, follow, max-snippet:-1, max-image-preview:large, max-video-preview:-1\" \/>\n<link rel=\"canonical\" href=\"https:\/\/nativainfo.com\/?p=1260\" \/>\n<meta property=\"og:locale\" content=\"es_ES\" \/>\n<meta property=\"og:type\" content=\"article\" \/>\n<meta property=\"og:title\" content=\"Uruguay reabre parcialmente sus fronteras: permitir\u00e1 el ingreso de uruguayos y extranjeros residentes - Nativa Info\" \/>\n<meta property=\"og:description\" content=\"As\u00ed lo anunci\u00f3 el presidente Luis Lacalle Pou, quien de esa manera flexibiliz\u00f3 la medida que reg\u00eda hasta el 31... Continue reading\" \/>\n<meta property=\"og:url\" content=\"https:\/\/nativainfo.com\/?p=1260\" \/>\n<meta property=\"og:site_name\" content=\"Nativa Info\" \/>\n<meta property=\"article:publisher\" content=\"https:\/\/www.facebook.com\/profile.php?id=61578881597564\" \/>\n<meta property=\"article:published_time\" content=\"2021-01-28T03:06:33+00:00\" \/>\n<meta property=\"og:image\" content=\"http:\/\/nativainfo.com\/wp-content\/uploads\/2021\/01\/S3ZSC2BPQZFVRMNNPAXMOT7T7Y.jpg\" \/>\n<meta name=\"author\" content=\"Nativa Info\" \/>\n<meta name=\"twitter:card\" content=\"summary_large_image\" \/>\n<meta name=\"twitter:label1\" content=\"Escrito por\" \/>\n\t<meta name=\"twitter:data1\" content=\"Nativa Info\" \/>\n\t<meta name=\"twitter:label2\" content=\"Tiempo de lectura\" \/>\n\t<meta name=\"twitter:data2\" content=\"1 minuto\" \/>\n<script type=\"application\/ld+json\" class=\"yoast-schema-graph\">{\"@context\":\"https:\/\/schema.org\",\"@graph\":[{\"@type\":\"Article\",\"@id\":\"https:\/\/nativainfo.com\/?p=1260#article\",\"isPartOf\":{\"@id\":\"https:\/\/nativainfo.com\/?p=1260\"},\"author\":{\"name\":\"Nativa Info\",\"@id\":\"https:\/\/nativainfo.com\/#\/schema\/person\/24893b64a9cd564ddb5d102d36eb4b5c\"},\"headline\":\"Uruguay reabre parcialmente sus fronteras: permitir\u00e1 el ingreso de uruguayos y extranjeros residentes\",\"datePublished\":\"2021-01-28T03:06:33+00:00\",\"mainEntityOfPage\":{\"@id\":\"https:\/\/nativainfo.com\/?p=1260\"},\"wordCount\":126,\"commentCount\":0,\"publisher\":{\"@id\":\"https:\/\/nativainfo.com\/#organization\"},\"image\":{\"@id\":\"https:\/\/nativainfo.com\/?p=1260#primaryimage\"},\"thumbnailUrl\":\"http:\/\/nativainfo.com\/wp-content\/uploads\/2021\/01\/S3ZSC2BPQZFVRMNNPAXMOT7T7Y.jpg\",\"articleSection\":[\"Noticias\",\"Nuevas Medidas\"],\"inLanguage\":\"es-AR\",\"potentialAction\":[{\"@type\":\"CommentAction\",\"name\":\"Comment\",\"target\":[\"https:\/\/nativainfo.com\/?p=1260#respond\"]}]},{\"@type\":\"WebPage\",\"@id\":\"https:\/\/nativainfo.com\/?p=1260\",\"url\":\"https:\/\/nativainfo.com\/?p=1260\",\"name\":\"Uruguay reabre parcialmente sus fronteras: permitir\u00e1 el ingreso de uruguayos y extranjeros residentes - Nativa Info\",\"isPartOf\":{\"@id\":\"https:\/\/nativainfo.com\/#website\"},\"primaryImageOfPage\":{\"@id\":\"https:\/\/nativainfo.com\/?p=1260#primaryimage\"},\"image\":{\"@id\":\"https:\/\/nativainfo.com\/?p=1260#primaryimage\"},\"thumbnailUrl\":\"http:\/\/nativainfo.com\/wp-content\/uploads\/2021\/01\/S3ZSC2BPQZFVRMNNPAXMOT7T7Y.jpg\",\"datePublished\":\"2021-01-28T03:06:33+00:00\",\"breadcrumb\":{\"@id\":\"https:\/\/nativainfo.com\/?p=1260#breadcrumb\"},\"inLanguage\":\"es-AR\",\"potentialAction\":[{\"@type\":\"ReadAction\",\"target\":[\"https:\/\/nativainfo.com\/?p=1260\"]}]},{\"@type\":\"ImageObject\",\"inLanguage\":\"es-AR\",\"@id\":\"https:\/\/nativainfo.com\/?p=1260#primaryimage\",\"url\":\"https:\/\/nativainfo.com\/wp-content\/uploads\/2021\/01\/S3ZSC2BPQZFVRMNNPAXMOT7T7Y.jpg\",\"contentUrl\":\"https:\/\/nativainfo.com\/wp-content\/uploads\/2021\/01\/S3ZSC2BPQZFVRMNNPAXMOT7T7Y.jpg\",\"width\":768,\"height\":512},{\"@type\":\"BreadcrumbList\",\"@id\":\"https:\/\/nativainfo.com\/?p=1260#breadcrumb\",\"itemListElement\":[{\"@type\":\"ListItem\",\"position\":1,\"name\":\"Inicio\",\"item\":\"https:\/\/nativainfo.com\/\"},{\"@type\":\"ListItem\",\"position\":2,\"name\":\"Uruguay reabre parcialmente sus fronteras: permitir\u00e1 el ingreso de uruguayos y extranjeros residentes\"}]},{\"@type\":\"WebSite\",\"@id\":\"https:\/\/nativainfo.com\/#website\",\"url\":\"https:\/\/nativainfo.com\/\",\"name\":\"Nativa Info\",\"description\":\"Diario Digital\",\"publisher\":{\"@id\":\"https:\/\/nativainfo.com\/#organization\"},\"potentialAction\":[{\"@type\":\"SearchAction\",\"target\":{\"@type\":\"EntryPoint\",\"urlTemplate\":\"https:\/\/nativainfo.com\/?s={search_term_string}\"},\"query-input\":{\"@type\":\"PropertyValueSpecification\",\"valueRequired\":true,\"valueName\":\"search_term_string\"}}],\"inLanguage\":\"es-AR\"},{\"@type\":\"Organization\",\"@id\":\"https:\/\/nativainfo.com\/#organization\",\"name\":\"Nativa Info\",\"url\":\"https:\/\/nativainfo.com\/\",\"logo\":{\"@type\":\"ImageObject\",\"inLanguage\":\"es-AR\",\"@id\":\"https:\/\/nativainfo.com\/#\/schema\/logo\/image\/\",\"url\":\"https:\/\/nativainfo.com\/wp-content\/uploads\/2025\/08\/LOGO-NATIVA-FACE.jpg\",\"contentUrl\":\"https:\/\/nativainfo.com\/wp-content\/uploads\/2025\/08\/LOGO-NATIVA-FACE.jpg\",\"width\":400,\"height\":400,\"caption\":\"Nativa Info\"},\"image\":{\"@id\":\"https:\/\/nativainfo.com\/#\/schema\/logo\/image\/\"},\"sameAs\":[\"https:\/\/www.facebook.com\/profile.php?id=61578881597564\"]},{\"@type\":\"Person\",\"@id\":\"https:\/\/nativainfo.com\/#\/schema\/person\/24893b64a9cd564ddb5d102d36eb4b5c\",\"name\":\"Nativa Info\",\"image\":{\"@type\":\"ImageObject\",\"inLanguage\":\"es-AR\",\"@id\":\"https:\/\/nativainfo.com\/#\/schema\/person\/image\/\",\"url\":\"https:\/\/secure.gravatar.com\/avatar\/016fa1cf068d85136d938e1507b9b619cb766e2565cbb1faa1e571762460c785?s=96&d=mm&r=g\",\"contentUrl\":\"https:\/\/secure.gravatar.com\/avatar\/016fa1cf068d85136d938e1507b9b619cb766e2565cbb1faa1e571762460c785?s=96&d=mm&r=g\",\"caption\":\"Nativa Info\"},\"sameAs\":[\"http:\/\/nativainfo.com\"],\"url\":\"https:\/\/nativainfo.com\/?author=1\"}]}<\/script>\n<!-- \/ Yoast SEO plugin. -->","yoast_head_json":{"title":"Uruguay reabre parcialmente sus fronteras: permitir\u00e1 el ingreso de uruguayos y extranjeros residentes - Nativa Info","robots":{"index":"index","follow":"follow","max-snippet":"max-snippet:-1","max-image-preview":"max-image-preview:large","max-video-preview":"max-video-preview:-1"},"canonical":"https:\/\/nativainfo.com\/?p=1260","og_locale":"es_ES","og_type":"article","og_title":"Uruguay reabre parcialmente sus fronteras: permitir\u00e1 el ingreso de uruguayos y extranjeros residentes - Nativa Info","og_description":"As\u00ed lo anunci\u00f3 el presidente Luis Lacalle Pou, quien de esa manera flexibiliz\u00f3 la medida que reg\u00eda hasta el 31... Continue reading","og_url":"https:\/\/nativainfo.com\/?p=1260","og_site_name":"Nativa Info","article_publisher":"https:\/\/www.facebook.com\/profile.php?id=61578881597564","article_published_time":"2021-01-28T03:06:33+00:00","og_image":[{"url":"http:\/\/nativainfo.com\/wp-content\/uploads\/2021\/01\/S3ZSC2BPQZFVRMNNPAXMOT7T7Y.jpg","type":"","width":"","height":""}],"author":"Nativa Info","twitter_card":"summary_large_image","twitter_misc":{"Escrito por":"Nativa Info","Tiempo de lectura":"1 minuto"},"schema":{"@context":"https:\/\/schema.org","@graph":[{"@type":"Article","@id":"https:\/\/nativainfo.com\/?p=1260#article","isPartOf":{"@id":"https:\/\/nativainfo.com\/?p=1260"},"author":{"name":"Nativa Info","@id":"https:\/\/nativainfo.com\/#\/schema\/person\/24893b64a9cd564ddb5d102d36eb4b5c"},"headline":"Uruguay reabre parcialmente sus fronteras: permitir\u00e1 el ingreso de uruguayos y extranjeros residentes","datePublished":"2021-01-28T03:06:33+00:00","mainEntityOfPage":{"@id":"https:\/\/nativainfo.com\/?p=1260"},"wordCount":126,"commentCount":0,"publisher":{"@id":"https:\/\/nativainfo.com\/#organization"},"image":{"@id":"https:\/\/nativainfo.com\/?p=1260#primaryimage"},"thumbnailUrl":"http:\/\/nativainfo.com\/wp-content\/uploads\/2021\/01\/S3ZSC2BPQZFVRMNNPAXMOT7T7Y.jpg","articleSection":["Noticias","Nuevas Medidas"],"inLanguage":"es-AR","potentialAction":[{"@type":"CommentAction","name":"Comment","target":["https:\/\/nativainfo.com\/?p=1260#respond"]}]},{"@type":"WebPage","@id":"https:\/\/nativainfo.com\/?p=1260","url":"https:\/\/nativainfo.com\/?p=1260","name":"Uruguay reabre parcialmente sus fronteras: permitir\u00e1 el ingreso de uruguayos y extranjeros residentes - Nativa Info","isPartOf":{"@id":"https:\/\/nativainfo.com\/#website"},"primaryImageOfPage":{"@id":"https:\/\/nativainfo.com\/?p=1260#primaryimage"},"image":{"@id":"https:\/\/nativainfo.com\/?p=1260#primaryimage"},"thumbnailUrl":"http:\/\/nativainfo.com\/wp-content\/uploads\/2021\/01\/S3ZSC2BPQZFVRMNNPAXMOT7T7Y.jpg","datePublished":"2021-01-28T03:06:33+00:00","breadcrumb":{"@id":"https:\/\/nativainfo.com\/?p=1260#breadcrumb"},"inLanguage":"es-AR","potentialAction":[{"@type":"ReadAction","target":["https:\/\/nativainfo.com\/?p=1260"]}]},{"@type":"ImageObject","inLanguage":"es-AR","@id":"https:\/\/nativainfo.com\/?p=1260#primaryimage","url":"https:\/\/nativainfo.com\/wp-content\/uploads\/2021\/01\/S3ZSC2BPQZFVRMNNPAXMOT7T7Y.jpg","contentUrl":"https:\/\/nativainfo.com\/wp-content\/uploads\/2021\/01\/S3ZSC2BPQZFVRMNNPAXMOT7T7Y.jpg","width":768,"height":512},{"@type":"BreadcrumbList","@id":"https:\/\/nativainfo.com\/?p=1260#breadcrumb","itemListElement":[{"@type":"ListItem","position":1,"name":"Inicio","item":"https:\/\/nativainfo.com\/"},{"@type":"ListItem","position":2,"name":"Uruguay reabre parcialmente sus fronteras: permitir\u00e1 el ingreso de uruguayos y extranjeros residentes"}]},{"@type":"WebSite","@id":"https:\/\/nativainfo.com\/#website","url":"https:\/\/nativainfo.com\/","name":"Nativa Info","description":"Diario Digital","publisher":{"@id":"https:\/\/nativainfo.com\/#organization"},"potentialAction":[{"@type":"SearchAction","target":{"@type":"EntryPoint","urlTemplate":"https:\/\/nativainfo.com\/?s={search_term_string}"},"query-input":{"@type":"PropertyValueSpecification","valueRequired":true,"valueName":"search_term_string"}}],"inLanguage":"es-AR"},{"@type":"Organization","@id":"https:\/\/nativainfo.com\/#organization","name":"Nativa Info","url":"https:\/\/nativainfo.com\/","logo":{"@type":"ImageObject","inLanguage":"es-AR","@id":"https:\/\/nativainfo.com\/#\/schema\/logo\/image\/","url":"https:\/\/nativainfo.com\/wp-content\/uploads\/2025\/08\/LOGO-NATIVA-FACE.jpg","contentUrl":"https:\/\/nativainfo.com\/wp-content\/uploads\/2025\/08\/LOGO-NATIVA-FACE.jpg","width":400,"height":400,"caption":"Nativa Info"},"image":{"@id":"https:\/\/nativainfo.com\/#\/schema\/logo\/image\/"},"sameAs":["https:\/\/www.facebook.com\/profile.php?id=61578881597564"]},{"@type":"Person","@id":"https:\/\/nativainfo.com\/#\/schema\/person\/24893b64a9cd564ddb5d102d36eb4b5c","name":"Nativa Info","image":{"@type":"ImageObject","inLanguage":"es-AR","@id":"https:\/\/nativainfo.com\/#\/schema\/person\/image\/","url":"https:\/\/secure.gravatar.com\/avatar\/016fa1cf068d85136d938e1507b9b619cb766e2565cbb1faa1e571762460c785?s=96&d=mm&r=g","contentUrl":"https:\/\/secure.gravatar.com\/avatar\/016fa1cf068d85136d938e1507b9b619cb766e2565cbb1faa1e571762460c785?s=96&d=mm&r=g","caption":"Nativa Info"},"sameAs":["http:\/\/nativainfo.com"],"url":"https:\/\/nativainfo.com\/?author=1"}]}},"jetpack_publicize_connections":[],"_links":{"self":[{"href":"https:\/\/nativainfo.com\/index.php?rest_route=\/wp\/v2\/posts\/1260","targetHints":{"allow":["GET"]}}],"collection":[{"href":"https:\/\/nativainfo.com\/index.php?rest_route=\/wp\/v2\/posts"}],"about":[{"href":"https:\/\/nativainfo.com\/index.php?rest_route=\/wp\/v2\/types\/post"}],"author":[{"embeddable":true,"href":"https:\/\/nativainfo.com\/index.php?rest_route=\/wp\/v2\/users\/1"}],"replies":[{"embeddable":true,"href":"https:\/\/nativainfo.com\/index.php?rest_route=%2Fwp%2Fv2%2Fcomments&post=1260"}],"version-history":[{"count":1,"href":"https:\/\/nativainfo.com\/index.php?rest_route=\/wp\/v2\/posts\/1260\/revisions"}],"predecessor-version":[{"id":1265,"href":"https:\/\/nativainfo.com\/index.php?rest_route=\/wp\/v2\/posts\/1260\/revisions\/1265"}],"wp:attachment":[{"href":"https:\/\/nativainfo.com\/index.php?rest_route=%2Fwp%2Fv2%2Fmedia&parent=1260"}],"wp:term":[{"taxonomy":"category","embeddable":true,"href":"https:\/\/nativainfo.com\/index.php?rest_route=%2Fwp%2Fv2%2Fcategories&post=1260"},{"taxonomy":"post_tag","embeddable":true,"href":"https:\/\/nativainfo.com\/index.php?rest_route=%2Fwp%2Fv2%2Ftags&post=1260"}],"curies":[{"name":"wp","href":"https:\/\/api.w.org\/{rel}","templated":true}]}}