{"id":1109,"date":"2020-12-29T02:49:26","date_gmt":"2020-12-29T05:49:26","guid":{"rendered":"http:\/\/nativainfo.com\/?p=1109"},"modified":"2020-12-29T02:50:15","modified_gmt":"2020-12-29T05:50:15","slug":"2020-el-ano-del-arte-mediatizado-retrato-de-una-crisis-que-abre-nuevos-paradigmas-y-debates","status":"publish","type":"post","link":"https:\/\/nativainfo.com\/?p=1109","title":{"rendered":"2020, el a\u00f1o del arte mediatizado: retrato de una crisis que abre nuevos paradigmas y debates"},"content":{"rendered":"\n<p>El cierre de museos, ferias y galer\u00edas en gran parte del a\u00f1o produjo un efecto introspectivo en el mundo del arte: \u00bfqu\u00e9 se debe cambiar?, \u00bfes lo virtual un camino?, \u00bfcu\u00e1l es la funci\u00f3n de los museos? Un resumen de c\u00f3mo la pandemia afect\u00f3 al sistema y c\u00f3mo puede cambiar nuestra manera de relacionarnos con el arte<\/p>\n\n\n\n<figure class=\"wp-block-image size-large\"><img fetchpriority=\"high\" decoding=\"async\" width=\"768\" height=\"432\" src=\"http:\/\/nativainfo.com\/wp-content\/uploads\/2020\/12\/UCKBKZYCQZD63FIFHHDN63JZME.jpg\" alt=\"\" class=\"wp-image-1110\" srcset=\"https:\/\/nativainfo.com\/wp-content\/uploads\/2020\/12\/UCKBKZYCQZD63FIFHHDN63JZME.jpg 768w, https:\/\/nativainfo.com\/wp-content\/uploads\/2020\/12\/UCKBKZYCQZD63FIFHHDN63JZME-300x169.jpg 300w, https:\/\/nativainfo.com\/wp-content\/uploads\/2020\/12\/UCKBKZYCQZD63FIFHHDN63JZME-622x350.jpg 622w, https:\/\/nativainfo.com\/wp-content\/uploads\/2020\/12\/UCKBKZYCQZD63FIFHHDN63JZME-150x84.jpg 150w\" sizes=\"(max-width: 768px) 100vw, 768px\" \/><\/figure>\n\n\n\n<p>Cerrado por pandemia. Casi una faja de clausura que seg\u00fan el punto del mundo donde se est\u00e9 parado, se puede mantener. Este 2020, en lo que hace al arte, ser\u00e1 recordado por dos grandes temas: la crisis de las instituciones sin visitantes y la virtualidad como medio de contacto, no solo para las espacios p\u00fablicos o privados, sino tambi\u00e9n para los mercados, como las ferias.<\/p>\n\n\n\n<p>Durante el confinamiento surgieron en todo el planeta las exposiciones virtuales, las visitas guiadas, un sinf\u00edn de conferencias e incluso se crearon museos en la web, concursos y, por supuesto, retos para involcurar al las personas desde otro lugar. Parece que transcurri\u00f3 una eternidad, pero fue hace apenas 8 meses cuando ciudadanos de todo el mundo\u00a0recreaban obras de arte en sus casas.<\/p>\n\n\n\n<p>Fuente: Infobae<\/p>\n\n\n\n<p><\/p>\n","protected":false},"excerpt":{"rendered":"<p>El cierre de museos, ferias y galer\u00edas en gran parte del a\u00f1o produjo un efecto introspectivo en el mundo del&#8230; <a class=\"continue-reading-link\" href=\"https:\/\/nativainfo.com\/?p=1109\">Continue reading<\/a><\/p>\n","protected":false},"author":1,"featured_media":0,"comment_status":"open","ping_status":"open","sticky":false,"template":"","format":"standard","meta":{"rop_custom_images_group":[],"rop_custom_messages_group":[],"rop_publish_now":"initial","rop_publish_now_accounts":[],"rop_publish_now_history":[],"rop_publish_now_status":"pending","footnotes":"","jetpack_publicize_message":"","jetpack_publicize_feature_enabled":true,"jetpack_social_post_already_shared":false,"jetpack_social_options":{"image_generator_settings":{"template":"highway","default_image_id":0,"font":"","enabled":false},"version":2}},"categories":[25,11],"tags":[],"class_list":["post-1109","post","type-post","status-publish","format-standard","hentry","category-cultura","category-mundo"],"yoast_head":"<!-- This site is optimized with the Yoast SEO plugin v25.6 - https:\/\/yoast.com\/wordpress\/plugins\/seo\/ -->\n<title>2020, el a\u00f1o del arte mediatizado: retrato de una crisis que abre nuevos paradigmas y debates - Nativa Info<\/title>\n<meta name=\"robots\" content=\"index, follow, max-snippet:-1, max-image-preview:large, max-video-preview:-1\" \/>\n<link rel=\"canonical\" href=\"https:\/\/nativainfo.com\/?p=1109\" \/>\n<meta property=\"og:locale\" content=\"es_ES\" \/>\n<meta property=\"og:type\" content=\"article\" \/>\n<meta property=\"og:title\" content=\"2020, el a\u00f1o del arte mediatizado: retrato de una crisis que abre nuevos paradigmas y debates - Nativa Info\" \/>\n<meta property=\"og:description\" content=\"El cierre de museos, ferias y galer\u00edas en gran parte del a\u00f1o produjo un efecto introspectivo en el mundo del... Continue reading\" \/>\n<meta property=\"og:url\" content=\"https:\/\/nativainfo.com\/?p=1109\" \/>\n<meta property=\"og:site_name\" content=\"Nativa Info\" \/>\n<meta property=\"article:publisher\" content=\"https:\/\/www.facebook.com\/profile.php?id=61578881597564\" \/>\n<meta property=\"article:published_time\" content=\"2020-12-29T05:49:26+00:00\" \/>\n<meta property=\"article:modified_time\" content=\"2020-12-29T05:50:15+00:00\" \/>\n<meta property=\"og:image\" content=\"http:\/\/nativainfo.com\/wp-content\/uploads\/2020\/12\/UCKBKZYCQZD63FIFHHDN63JZME.jpg\" \/>\n<meta name=\"author\" content=\"Nativa Info\" \/>\n<meta name=\"twitter:card\" content=\"summary_large_image\" \/>\n<meta name=\"twitter:label1\" content=\"Escrito por\" \/>\n\t<meta name=\"twitter:data1\" content=\"Nativa Info\" \/>\n\t<meta name=\"twitter:label2\" content=\"Tiempo de lectura\" \/>\n\t<meta name=\"twitter:data2\" content=\"1 minuto\" \/>\n<script type=\"application\/ld+json\" class=\"yoast-schema-graph\">{\"@context\":\"https:\/\/schema.org\",\"@graph\":[{\"@type\":\"Article\",\"@id\":\"https:\/\/nativainfo.com\/?p=1109#article\",\"isPartOf\":{\"@id\":\"https:\/\/nativainfo.com\/?p=1109\"},\"author\":{\"name\":\"Nativa Info\",\"@id\":\"https:\/\/nativainfo.com\/#\/schema\/person\/24893b64a9cd564ddb5d102d36eb4b5c\"},\"headline\":\"2020, el a\u00f1o del arte mediatizado: retrato de una crisis que abre nuevos paradigmas y debates\",\"datePublished\":\"2020-12-29T05:49:26+00:00\",\"dateModified\":\"2020-12-29T05:50:15+00:00\",\"mainEntityOfPage\":{\"@id\":\"https:\/\/nativainfo.com\/?p=1109\"},\"wordCount\":211,\"commentCount\":0,\"publisher\":{\"@id\":\"https:\/\/nativainfo.com\/#organization\"},\"image\":{\"@id\":\"https:\/\/nativainfo.com\/?p=1109#primaryimage\"},\"thumbnailUrl\":\"http:\/\/nativainfo.com\/wp-content\/uploads\/2020\/12\/UCKBKZYCQZD63FIFHHDN63JZME.jpg\",\"articleSection\":[\"Cultura\",\"Mundo\"],\"inLanguage\":\"es-AR\",\"potentialAction\":[{\"@type\":\"CommentAction\",\"name\":\"Comment\",\"target\":[\"https:\/\/nativainfo.com\/?p=1109#respond\"]}]},{\"@type\":\"WebPage\",\"@id\":\"https:\/\/nativainfo.com\/?p=1109\",\"url\":\"https:\/\/nativainfo.com\/?p=1109\",\"name\":\"2020, el a\u00f1o del arte mediatizado: retrato de una crisis que abre nuevos paradigmas y debates - Nativa Info\",\"isPartOf\":{\"@id\":\"https:\/\/nativainfo.com\/#website\"},\"primaryImageOfPage\":{\"@id\":\"https:\/\/nativainfo.com\/?p=1109#primaryimage\"},\"image\":{\"@id\":\"https:\/\/nativainfo.com\/?p=1109#primaryimage\"},\"thumbnailUrl\":\"http:\/\/nativainfo.com\/wp-content\/uploads\/2020\/12\/UCKBKZYCQZD63FIFHHDN63JZME.jpg\",\"datePublished\":\"2020-12-29T05:49:26+00:00\",\"dateModified\":\"2020-12-29T05:50:15+00:00\",\"breadcrumb\":{\"@id\":\"https:\/\/nativainfo.com\/?p=1109#breadcrumb\"},\"inLanguage\":\"es-AR\",\"potentialAction\":[{\"@type\":\"ReadAction\",\"target\":[\"https:\/\/nativainfo.com\/?p=1109\"]}]},{\"@type\":\"ImageObject\",\"inLanguage\":\"es-AR\",\"@id\":\"https:\/\/nativainfo.com\/?p=1109#primaryimage\",\"url\":\"https:\/\/nativainfo.com\/wp-content\/uploads\/2020\/12\/UCKBKZYCQZD63FIFHHDN63JZME.jpg\",\"contentUrl\":\"https:\/\/nativainfo.com\/wp-content\/uploads\/2020\/12\/UCKBKZYCQZD63FIFHHDN63JZME.jpg\",\"width\":768,\"height\":432},{\"@type\":\"BreadcrumbList\",\"@id\":\"https:\/\/nativainfo.com\/?p=1109#breadcrumb\",\"itemListElement\":[{\"@type\":\"ListItem\",\"position\":1,\"name\":\"Inicio\",\"item\":\"https:\/\/nativainfo.com\/\"},{\"@type\":\"ListItem\",\"position\":2,\"name\":\"2020, el a\u00f1o del arte mediatizado: retrato de una crisis que abre nuevos paradigmas y debates\"}]},{\"@type\":\"WebSite\",\"@id\":\"https:\/\/nativainfo.com\/#website\",\"url\":\"https:\/\/nativainfo.com\/\",\"name\":\"Nativa Info\",\"description\":\"Diario Digital\",\"publisher\":{\"@id\":\"https:\/\/nativainfo.com\/#organization\"},\"potentialAction\":[{\"@type\":\"SearchAction\",\"target\":{\"@type\":\"EntryPoint\",\"urlTemplate\":\"https:\/\/nativainfo.com\/?s={search_term_string}\"},\"query-input\":{\"@type\":\"PropertyValueSpecification\",\"valueRequired\":true,\"valueName\":\"search_term_string\"}}],\"inLanguage\":\"es-AR\"},{\"@type\":\"Organization\",\"@id\":\"https:\/\/nativainfo.com\/#organization\",\"name\":\"Nativa Info\",\"url\":\"https:\/\/nativainfo.com\/\",\"logo\":{\"@type\":\"ImageObject\",\"inLanguage\":\"es-AR\",\"@id\":\"https:\/\/nativainfo.com\/#\/schema\/logo\/image\/\",\"url\":\"https:\/\/nativainfo.com\/wp-content\/uploads\/2025\/08\/LOGO-NATIVA-FACE.jpg\",\"contentUrl\":\"https:\/\/nativainfo.com\/wp-content\/uploads\/2025\/08\/LOGO-NATIVA-FACE.jpg\",\"width\":400,\"height\":400,\"caption\":\"Nativa Info\"},\"image\":{\"@id\":\"https:\/\/nativainfo.com\/#\/schema\/logo\/image\/\"},\"sameAs\":[\"https:\/\/www.facebook.com\/profile.php?id=61578881597564\"]},{\"@type\":\"Person\",\"@id\":\"https:\/\/nativainfo.com\/#\/schema\/person\/24893b64a9cd564ddb5d102d36eb4b5c\",\"name\":\"Nativa Info\",\"image\":{\"@type\":\"ImageObject\",\"inLanguage\":\"es-AR\",\"@id\":\"https:\/\/nativainfo.com\/#\/schema\/person\/image\/\",\"url\":\"https:\/\/secure.gravatar.com\/avatar\/016fa1cf068d85136d938e1507b9b619cb766e2565cbb1faa1e571762460c785?s=96&d=mm&r=g\",\"contentUrl\":\"https:\/\/secure.gravatar.com\/avatar\/016fa1cf068d85136d938e1507b9b619cb766e2565cbb1faa1e571762460c785?s=96&d=mm&r=g\",\"caption\":\"Nativa Info\"},\"sameAs\":[\"http:\/\/nativainfo.com\"],\"url\":\"https:\/\/nativainfo.com\/?author=1\"}]}<\/script>\n<!-- \/ Yoast SEO plugin. -->","yoast_head_json":{"title":"2020, el a\u00f1o del arte mediatizado: retrato de una crisis que abre nuevos paradigmas y debates - Nativa Info","robots":{"index":"index","follow":"follow","max-snippet":"max-snippet:-1","max-image-preview":"max-image-preview:large","max-video-preview":"max-video-preview:-1"},"canonical":"https:\/\/nativainfo.com\/?p=1109","og_locale":"es_ES","og_type":"article","og_title":"2020, el a\u00f1o del arte mediatizado: retrato de una crisis que abre nuevos paradigmas y debates - Nativa Info","og_description":"El cierre de museos, ferias y galer\u00edas en gran parte del a\u00f1o produjo un efecto introspectivo en el mundo del... Continue reading","og_url":"https:\/\/nativainfo.com\/?p=1109","og_site_name":"Nativa Info","article_publisher":"https:\/\/www.facebook.com\/profile.php?id=61578881597564","article_published_time":"2020-12-29T05:49:26+00:00","article_modified_time":"2020-12-29T05:50:15+00:00","og_image":[{"url":"http:\/\/nativainfo.com\/wp-content\/uploads\/2020\/12\/UCKBKZYCQZD63FIFHHDN63JZME.jpg","type":"","width":"","height":""}],"author":"Nativa Info","twitter_card":"summary_large_image","twitter_misc":{"Escrito por":"Nativa Info","Tiempo de lectura":"1 minuto"},"schema":{"@context":"https:\/\/schema.org","@graph":[{"@type":"Article","@id":"https:\/\/nativainfo.com\/?p=1109#article","isPartOf":{"@id":"https:\/\/nativainfo.com\/?p=1109"},"author":{"name":"Nativa Info","@id":"https:\/\/nativainfo.com\/#\/schema\/person\/24893b64a9cd564ddb5d102d36eb4b5c"},"headline":"2020, el a\u00f1o del arte mediatizado: retrato de una crisis que abre nuevos paradigmas y debates","datePublished":"2020-12-29T05:49:26+00:00","dateModified":"2020-12-29T05:50:15+00:00","mainEntityOfPage":{"@id":"https:\/\/nativainfo.com\/?p=1109"},"wordCount":211,"commentCount":0,"publisher":{"@id":"https:\/\/nativainfo.com\/#organization"},"image":{"@id":"https:\/\/nativainfo.com\/?p=1109#primaryimage"},"thumbnailUrl":"http:\/\/nativainfo.com\/wp-content\/uploads\/2020\/12\/UCKBKZYCQZD63FIFHHDN63JZME.jpg","articleSection":["Cultura","Mundo"],"inLanguage":"es-AR","potentialAction":[{"@type":"CommentAction","name":"Comment","target":["https:\/\/nativainfo.com\/?p=1109#respond"]}]},{"@type":"WebPage","@id":"https:\/\/nativainfo.com\/?p=1109","url":"https:\/\/nativainfo.com\/?p=1109","name":"2020, el a\u00f1o del arte mediatizado: retrato de una crisis que abre nuevos paradigmas y debates - Nativa Info","isPartOf":{"@id":"https:\/\/nativainfo.com\/#website"},"primaryImageOfPage":{"@id":"https:\/\/nativainfo.com\/?p=1109#primaryimage"},"image":{"@id":"https:\/\/nativainfo.com\/?p=1109#primaryimage"},"thumbnailUrl":"http:\/\/nativainfo.com\/wp-content\/uploads\/2020\/12\/UCKBKZYCQZD63FIFHHDN63JZME.jpg","datePublished":"2020-12-29T05:49:26+00:00","dateModified":"2020-12-29T05:50:15+00:00","breadcrumb":{"@id":"https:\/\/nativainfo.com\/?p=1109#breadcrumb"},"inLanguage":"es-AR","potentialAction":[{"@type":"ReadAction","target":["https:\/\/nativainfo.com\/?p=1109"]}]},{"@type":"ImageObject","inLanguage":"es-AR","@id":"https:\/\/nativainfo.com\/?p=1109#primaryimage","url":"https:\/\/nativainfo.com\/wp-content\/uploads\/2020\/12\/UCKBKZYCQZD63FIFHHDN63JZME.jpg","contentUrl":"https:\/\/nativainfo.com\/wp-content\/uploads\/2020\/12\/UCKBKZYCQZD63FIFHHDN63JZME.jpg","width":768,"height":432},{"@type":"BreadcrumbList","@id":"https:\/\/nativainfo.com\/?p=1109#breadcrumb","itemListElement":[{"@type":"ListItem","position":1,"name":"Inicio","item":"https:\/\/nativainfo.com\/"},{"@type":"ListItem","position":2,"name":"2020, el a\u00f1o del arte mediatizado: retrato de una crisis que abre nuevos paradigmas y debates"}]},{"@type":"WebSite","@id":"https:\/\/nativainfo.com\/#website","url":"https:\/\/nativainfo.com\/","name":"Nativa Info","description":"Diario Digital","publisher":{"@id":"https:\/\/nativainfo.com\/#organization"},"potentialAction":[{"@type":"SearchAction","target":{"@type":"EntryPoint","urlTemplate":"https:\/\/nativainfo.com\/?s={search_term_string}"},"query-input":{"@type":"PropertyValueSpecification","valueRequired":true,"valueName":"search_term_string"}}],"inLanguage":"es-AR"},{"@type":"Organization","@id":"https:\/\/nativainfo.com\/#organization","name":"Nativa Info","url":"https:\/\/nativainfo.com\/","logo":{"@type":"ImageObject","inLanguage":"es-AR","@id":"https:\/\/nativainfo.com\/#\/schema\/logo\/image\/","url":"https:\/\/nativainfo.com\/wp-content\/uploads\/2025\/08\/LOGO-NATIVA-FACE.jpg","contentUrl":"https:\/\/nativainfo.com\/wp-content\/uploads\/2025\/08\/LOGO-NATIVA-FACE.jpg","width":400,"height":400,"caption":"Nativa Info"},"image":{"@id":"https:\/\/nativainfo.com\/#\/schema\/logo\/image\/"},"sameAs":["https:\/\/www.facebook.com\/profile.php?id=61578881597564"]},{"@type":"Person","@id":"https:\/\/nativainfo.com\/#\/schema\/person\/24893b64a9cd564ddb5d102d36eb4b5c","name":"Nativa Info","image":{"@type":"ImageObject","inLanguage":"es-AR","@id":"https:\/\/nativainfo.com\/#\/schema\/person\/image\/","url":"https:\/\/secure.gravatar.com\/avatar\/016fa1cf068d85136d938e1507b9b619cb766e2565cbb1faa1e571762460c785?s=96&d=mm&r=g","contentUrl":"https:\/\/secure.gravatar.com\/avatar\/016fa1cf068d85136d938e1507b9b619cb766e2565cbb1faa1e571762460c785?s=96&d=mm&r=g","caption":"Nativa Info"},"sameAs":["http:\/\/nativainfo.com"],"url":"https:\/\/nativainfo.com\/?author=1"}]}},"jetpack_publicize_connections":[],"_links":{"self":[{"href":"https:\/\/nativainfo.com\/index.php?rest_route=\/wp\/v2\/posts\/1109","targetHints":{"allow":["GET"]}}],"collection":[{"href":"https:\/\/nativainfo.com\/index.php?rest_route=\/wp\/v2\/posts"}],"about":[{"href":"https:\/\/nativainfo.com\/index.php?rest_route=\/wp\/v2\/types\/post"}],"author":[{"embeddable":true,"href":"https:\/\/nativainfo.com\/index.php?rest_route=\/wp\/v2\/users\/1"}],"replies":[{"embeddable":true,"href":"https:\/\/nativainfo.com\/index.php?rest_route=%2Fwp%2Fv2%2Fcomments&post=1109"}],"version-history":[{"count":2,"href":"https:\/\/nativainfo.com\/index.php?rest_route=\/wp\/v2\/posts\/1109\/revisions"}],"predecessor-version":[{"id":1112,"href":"https:\/\/nativainfo.com\/index.php?rest_route=\/wp\/v2\/posts\/1109\/revisions\/1112"}],"wp:attachment":[{"href":"https:\/\/nativainfo.com\/index.php?rest_route=%2Fwp%2Fv2%2Fmedia&parent=1109"}],"wp:term":[{"taxonomy":"category","embeddable":true,"href":"https:\/\/nativainfo.com\/index.php?rest_route=%2Fwp%2Fv2%2Fcategories&post=1109"},{"taxonomy":"post_tag","embeddable":true,"href":"https:\/\/nativainfo.com\/index.php?rest_route=%2Fwp%2Fv2%2Ftags&post=1109"}],"curies":[{"name":"wp","href":"https:\/\/api.w.org\/{rel}","templated":true}]}}