{"id":1055,"date":"2020-12-15T03:00:00","date_gmt":"2020-12-15T06:00:00","guid":{"rendered":"http:\/\/nativainfo.com\/?p=1055"},"modified":"2020-12-14T23:23:59","modified_gmt":"2020-12-15T02:23:59","slug":"central-cordoba-igualo-con-godoy-cruz-en-el-debut-de-scolari-y-ferrero","status":"publish","type":"post","link":"https:\/\/nativainfo.com\/?p=1055","title":{"rendered":"Central C\u00f3rdoba igual\u00f3 con Godoy Cruz en el debut de Scolari y Ferrero"},"content":{"rendered":"\n<p>El Ferro y el Tomba consumaron un empate en el Alfredo Terrera en el cierre de la primera fecha del Grupo B de la Zona Complementaci\u00f3n de la Copa Diego Maradona.<\/p>\n\n\n\n<figure class=\"wp-block-image size-large\"><img fetchpriority=\"high\" decoding=\"async\" width=\"715\" height=\"402\" src=\"http:\/\/nativainfo.com\/wp-content\/uploads\/2020\/12\/715x402_hugo-vera-oviedo-central-cordoba-369259-203902.jpg\" alt=\"\" class=\"wp-image-1056\" srcset=\"https:\/\/nativainfo.com\/wp-content\/uploads\/2020\/12\/715x402_hugo-vera-oviedo-central-cordoba-369259-203902.jpg 715w, https:\/\/nativainfo.com\/wp-content\/uploads\/2020\/12\/715x402_hugo-vera-oviedo-central-cordoba-369259-203902-300x169.jpg 300w, https:\/\/nativainfo.com\/wp-content\/uploads\/2020\/12\/715x402_hugo-vera-oviedo-central-cordoba-369259-203902-623x350.jpg 623w, https:\/\/nativainfo.com\/wp-content\/uploads\/2020\/12\/715x402_hugo-vera-oviedo-central-cordoba-369259-203902-150x84.jpg 150w\" sizes=\"(max-width: 715px) 100vw, 715px\" \/><\/figure>\n\n\n\n<p><strong>Central C\u00f3rdoba<\/strong>&nbsp;y&nbsp;<strong>Godoy Cruz<\/strong>&nbsp;empataron 1-1 en un partido v\u00e1lido por la primera fecha, zona B, fase&nbsp;<strong>Complementaci\u00f3n<\/strong>, de la&nbsp;<strong>Copa Diego Armando Maradona&nbsp;<\/strong>de la&nbsp;<strong>Liga Profesional<\/strong>, la secci\u00f3n que compite por un clasificado hacia la&nbsp;<strong>Copa Sudamericana 2022.<\/strong><\/p>\n\n\n\n<p>El partido se jug\u00f3 en el\u00a0<strong>estadio Alfredo Terrera<\/strong>\u00a0de la capital santiague\u00f1o y marc\u00f3 el estreno en el banco local de la dupla t\u00e9cnica formada por\u00a0<strong>Alexis Ferrero<\/strong>\u00a0y\u00a0<strong>Sebasti\u00e1n Scolari<\/strong>, quienes sustituyeron al renunciante\u00a0<strong>Alfredo Berti<\/strong>.<\/p>\n\n\n\n<p>Fuente: Diario Panorama<\/p>\n","protected":false},"excerpt":{"rendered":"<p>El Ferro y el Tomba consumaron un empate en el Alfredo Terrera en el cierre de la primera fecha del&#8230; <a class=\"continue-reading-link\" href=\"https:\/\/nativainfo.com\/?p=1055\">Continue reading<\/a><\/p>\n","protected":false},"author":1,"featured_media":0,"comment_status":"open","ping_status":"open","sticky":false,"template":"","format":"standard","meta":{"rop_custom_images_group":[],"rop_custom_messages_group":[],"rop_publish_now":"initial","rop_publish_now_accounts":[],"rop_publish_now_history":[],"rop_publish_now_status":"pending","footnotes":"","jetpack_publicize_message":"","jetpack_publicize_feature_enabled":true,"jetpack_social_post_already_shared":false,"jetpack_social_options":{"image_generator_settings":{"template":"highway","default_image_id":0,"font":"","enabled":false},"version":2}},"categories":[10,41],"tags":[],"class_list":["post-1055","post","type-post","status-publish","format-standard","hentry","category-deportes","category-futbol"],"yoast_head":"<!-- This site is optimized with the Yoast SEO plugin v25.6 - https:\/\/yoast.com\/wordpress\/plugins\/seo\/ -->\n<title>Central C\u00f3rdoba igual\u00f3 con Godoy Cruz en el debut de Scolari y Ferrero - Nativa Info<\/title>\n<meta name=\"robots\" content=\"index, follow, max-snippet:-1, max-image-preview:large, max-video-preview:-1\" \/>\n<link rel=\"canonical\" href=\"https:\/\/nativainfo.com\/?p=1055\" \/>\n<meta property=\"og:locale\" content=\"es_ES\" \/>\n<meta property=\"og:type\" content=\"article\" \/>\n<meta property=\"og:title\" content=\"Central C\u00f3rdoba igual\u00f3 con Godoy Cruz en el debut de Scolari y Ferrero - Nativa Info\" \/>\n<meta property=\"og:description\" content=\"El Ferro y el Tomba consumaron un empate en el Alfredo Terrera en el cierre de la primera fecha del... Continue reading\" \/>\n<meta property=\"og:url\" content=\"https:\/\/nativainfo.com\/?p=1055\" \/>\n<meta property=\"og:site_name\" content=\"Nativa Info\" \/>\n<meta property=\"article:publisher\" content=\"https:\/\/www.facebook.com\/profile.php?id=61578881597564\" \/>\n<meta property=\"article:published_time\" content=\"2020-12-15T06:00:00+00:00\" \/>\n<meta property=\"og:image\" content=\"http:\/\/nativainfo.com\/wp-content\/uploads\/2020\/12\/715x402_hugo-vera-oviedo-central-cordoba-369259-203902.jpg\" \/>\n<meta name=\"author\" content=\"Nativa Info\" \/>\n<meta name=\"twitter:card\" content=\"summary_large_image\" \/>\n<meta name=\"twitter:label1\" content=\"Escrito por\" \/>\n\t<meta name=\"twitter:data1\" content=\"Nativa Info\" \/>\n\t<meta name=\"twitter:label2\" content=\"Tiempo de lectura\" \/>\n\t<meta name=\"twitter:data2\" content=\"1 minuto\" \/>\n<script type=\"application\/ld+json\" class=\"yoast-schema-graph\">{\"@context\":\"https:\/\/schema.org\",\"@graph\":[{\"@type\":\"Article\",\"@id\":\"https:\/\/nativainfo.com\/?p=1055#article\",\"isPartOf\":{\"@id\":\"https:\/\/nativainfo.com\/?p=1055\"},\"author\":{\"name\":\"Nativa Info\",\"@id\":\"https:\/\/nativainfo.com\/#\/schema\/person\/24893b64a9cd564ddb5d102d36eb4b5c\"},\"headline\":\"Central C\u00f3rdoba igual\u00f3 con Godoy Cruz en el debut de Scolari y Ferrero\",\"datePublished\":\"2020-12-15T06:00:00+00:00\",\"mainEntityOfPage\":{\"@id\":\"https:\/\/nativainfo.com\/?p=1055\"},\"wordCount\":142,\"commentCount\":0,\"publisher\":{\"@id\":\"https:\/\/nativainfo.com\/#organization\"},\"image\":{\"@id\":\"https:\/\/nativainfo.com\/?p=1055#primaryimage\"},\"thumbnailUrl\":\"http:\/\/nativainfo.com\/wp-content\/uploads\/2020\/12\/715x402_hugo-vera-oviedo-central-cordoba-369259-203902.jpg\",\"articleSection\":[\"Deportes\",\"F\u00fatbol\"],\"inLanguage\":\"es-AR\",\"potentialAction\":[{\"@type\":\"CommentAction\",\"name\":\"Comment\",\"target\":[\"https:\/\/nativainfo.com\/?p=1055#respond\"]}]},{\"@type\":\"WebPage\",\"@id\":\"https:\/\/nativainfo.com\/?p=1055\",\"url\":\"https:\/\/nativainfo.com\/?p=1055\",\"name\":\"Central C\u00f3rdoba igual\u00f3 con Godoy Cruz en el debut de Scolari y Ferrero - Nativa Info\",\"isPartOf\":{\"@id\":\"https:\/\/nativainfo.com\/#website\"},\"primaryImageOfPage\":{\"@id\":\"https:\/\/nativainfo.com\/?p=1055#primaryimage\"},\"image\":{\"@id\":\"https:\/\/nativainfo.com\/?p=1055#primaryimage\"},\"thumbnailUrl\":\"http:\/\/nativainfo.com\/wp-content\/uploads\/2020\/12\/715x402_hugo-vera-oviedo-central-cordoba-369259-203902.jpg\",\"datePublished\":\"2020-12-15T06:00:00+00:00\",\"breadcrumb\":{\"@id\":\"https:\/\/nativainfo.com\/?p=1055#breadcrumb\"},\"inLanguage\":\"es-AR\",\"potentialAction\":[{\"@type\":\"ReadAction\",\"target\":[\"https:\/\/nativainfo.com\/?p=1055\"]}]},{\"@type\":\"ImageObject\",\"inLanguage\":\"es-AR\",\"@id\":\"https:\/\/nativainfo.com\/?p=1055#primaryimage\",\"url\":\"https:\/\/nativainfo.com\/wp-content\/uploads\/2020\/12\/715x402_hugo-vera-oviedo-central-cordoba-369259-203902.jpg\",\"contentUrl\":\"https:\/\/nativainfo.com\/wp-content\/uploads\/2020\/12\/715x402_hugo-vera-oviedo-central-cordoba-369259-203902.jpg\",\"width\":715,\"height\":402},{\"@type\":\"BreadcrumbList\",\"@id\":\"https:\/\/nativainfo.com\/?p=1055#breadcrumb\",\"itemListElement\":[{\"@type\":\"ListItem\",\"position\":1,\"name\":\"Inicio\",\"item\":\"https:\/\/nativainfo.com\/\"},{\"@type\":\"ListItem\",\"position\":2,\"name\":\"Central C\u00f3rdoba igual\u00f3 con Godoy Cruz en el debut de Scolari y Ferrero\"}]},{\"@type\":\"WebSite\",\"@id\":\"https:\/\/nativainfo.com\/#website\",\"url\":\"https:\/\/nativainfo.com\/\",\"name\":\"Nativa Info\",\"description\":\"Diario Digital\",\"publisher\":{\"@id\":\"https:\/\/nativainfo.com\/#organization\"},\"potentialAction\":[{\"@type\":\"SearchAction\",\"target\":{\"@type\":\"EntryPoint\",\"urlTemplate\":\"https:\/\/nativainfo.com\/?s={search_term_string}\"},\"query-input\":{\"@type\":\"PropertyValueSpecification\",\"valueRequired\":true,\"valueName\":\"search_term_string\"}}],\"inLanguage\":\"es-AR\"},{\"@type\":\"Organization\",\"@id\":\"https:\/\/nativainfo.com\/#organization\",\"name\":\"Nativa Info\",\"url\":\"https:\/\/nativainfo.com\/\",\"logo\":{\"@type\":\"ImageObject\",\"inLanguage\":\"es-AR\",\"@id\":\"https:\/\/nativainfo.com\/#\/schema\/logo\/image\/\",\"url\":\"https:\/\/nativainfo.com\/wp-content\/uploads\/2025\/08\/LOGO-NATIVA-FACE.jpg\",\"contentUrl\":\"https:\/\/nativainfo.com\/wp-content\/uploads\/2025\/08\/LOGO-NATIVA-FACE.jpg\",\"width\":400,\"height\":400,\"caption\":\"Nativa Info\"},\"image\":{\"@id\":\"https:\/\/nativainfo.com\/#\/schema\/logo\/image\/\"},\"sameAs\":[\"https:\/\/www.facebook.com\/profile.php?id=61578881597564\"]},{\"@type\":\"Person\",\"@id\":\"https:\/\/nativainfo.com\/#\/schema\/person\/24893b64a9cd564ddb5d102d36eb4b5c\",\"name\":\"Nativa Info\",\"image\":{\"@type\":\"ImageObject\",\"inLanguage\":\"es-AR\",\"@id\":\"https:\/\/nativainfo.com\/#\/schema\/person\/image\/\",\"url\":\"https:\/\/secure.gravatar.com\/avatar\/016fa1cf068d85136d938e1507b9b619cb766e2565cbb1faa1e571762460c785?s=96&d=mm&r=g\",\"contentUrl\":\"https:\/\/secure.gravatar.com\/avatar\/016fa1cf068d85136d938e1507b9b619cb766e2565cbb1faa1e571762460c785?s=96&d=mm&r=g\",\"caption\":\"Nativa Info\"},\"sameAs\":[\"http:\/\/nativainfo.com\"],\"url\":\"https:\/\/nativainfo.com\/?author=1\"}]}<\/script>\n<!-- \/ Yoast SEO plugin. -->","yoast_head_json":{"title":"Central C\u00f3rdoba igual\u00f3 con Godoy Cruz en el debut de Scolari y Ferrero - Nativa Info","robots":{"index":"index","follow":"follow","max-snippet":"max-snippet:-1","max-image-preview":"max-image-preview:large","max-video-preview":"max-video-preview:-1"},"canonical":"https:\/\/nativainfo.com\/?p=1055","og_locale":"es_ES","og_type":"article","og_title":"Central C\u00f3rdoba igual\u00f3 con Godoy Cruz en el debut de Scolari y Ferrero - Nativa Info","og_description":"El Ferro y el Tomba consumaron un empate en el Alfredo Terrera en el cierre de la primera fecha del... Continue reading","og_url":"https:\/\/nativainfo.com\/?p=1055","og_site_name":"Nativa Info","article_publisher":"https:\/\/www.facebook.com\/profile.php?id=61578881597564","article_published_time":"2020-12-15T06:00:00+00:00","og_image":[{"url":"http:\/\/nativainfo.com\/wp-content\/uploads\/2020\/12\/715x402_hugo-vera-oviedo-central-cordoba-369259-203902.jpg","type":"","width":"","height":""}],"author":"Nativa Info","twitter_card":"summary_large_image","twitter_misc":{"Escrito por":"Nativa Info","Tiempo de lectura":"1 minuto"},"schema":{"@context":"https:\/\/schema.org","@graph":[{"@type":"Article","@id":"https:\/\/nativainfo.com\/?p=1055#article","isPartOf":{"@id":"https:\/\/nativainfo.com\/?p=1055"},"author":{"name":"Nativa Info","@id":"https:\/\/nativainfo.com\/#\/schema\/person\/24893b64a9cd564ddb5d102d36eb4b5c"},"headline":"Central C\u00f3rdoba igual\u00f3 con Godoy Cruz en el debut de Scolari y Ferrero","datePublished":"2020-12-15T06:00:00+00:00","mainEntityOfPage":{"@id":"https:\/\/nativainfo.com\/?p=1055"},"wordCount":142,"commentCount":0,"publisher":{"@id":"https:\/\/nativainfo.com\/#organization"},"image":{"@id":"https:\/\/nativainfo.com\/?p=1055#primaryimage"},"thumbnailUrl":"http:\/\/nativainfo.com\/wp-content\/uploads\/2020\/12\/715x402_hugo-vera-oviedo-central-cordoba-369259-203902.jpg","articleSection":["Deportes","F\u00fatbol"],"inLanguage":"es-AR","potentialAction":[{"@type":"CommentAction","name":"Comment","target":["https:\/\/nativainfo.com\/?p=1055#respond"]}]},{"@type":"WebPage","@id":"https:\/\/nativainfo.com\/?p=1055","url":"https:\/\/nativainfo.com\/?p=1055","name":"Central C\u00f3rdoba igual\u00f3 con Godoy Cruz en el debut de Scolari y Ferrero - Nativa Info","isPartOf":{"@id":"https:\/\/nativainfo.com\/#website"},"primaryImageOfPage":{"@id":"https:\/\/nativainfo.com\/?p=1055#primaryimage"},"image":{"@id":"https:\/\/nativainfo.com\/?p=1055#primaryimage"},"thumbnailUrl":"http:\/\/nativainfo.com\/wp-content\/uploads\/2020\/12\/715x402_hugo-vera-oviedo-central-cordoba-369259-203902.jpg","datePublished":"2020-12-15T06:00:00+00:00","breadcrumb":{"@id":"https:\/\/nativainfo.com\/?p=1055#breadcrumb"},"inLanguage":"es-AR","potentialAction":[{"@type":"ReadAction","target":["https:\/\/nativainfo.com\/?p=1055"]}]},{"@type":"ImageObject","inLanguage":"es-AR","@id":"https:\/\/nativainfo.com\/?p=1055#primaryimage","url":"https:\/\/nativainfo.com\/wp-content\/uploads\/2020\/12\/715x402_hugo-vera-oviedo-central-cordoba-369259-203902.jpg","contentUrl":"https:\/\/nativainfo.com\/wp-content\/uploads\/2020\/12\/715x402_hugo-vera-oviedo-central-cordoba-369259-203902.jpg","width":715,"height":402},{"@type":"BreadcrumbList","@id":"https:\/\/nativainfo.com\/?p=1055#breadcrumb","itemListElement":[{"@type":"ListItem","position":1,"name":"Inicio","item":"https:\/\/nativainfo.com\/"},{"@type":"ListItem","position":2,"name":"Central C\u00f3rdoba igual\u00f3 con Godoy Cruz en el debut de Scolari y Ferrero"}]},{"@type":"WebSite","@id":"https:\/\/nativainfo.com\/#website","url":"https:\/\/nativainfo.com\/","name":"Nativa Info","description":"Diario Digital","publisher":{"@id":"https:\/\/nativainfo.com\/#organization"},"potentialAction":[{"@type":"SearchAction","target":{"@type":"EntryPoint","urlTemplate":"https:\/\/nativainfo.com\/?s={search_term_string}"},"query-input":{"@type":"PropertyValueSpecification","valueRequired":true,"valueName":"search_term_string"}}],"inLanguage":"es-AR"},{"@type":"Organization","@id":"https:\/\/nativainfo.com\/#organization","name":"Nativa Info","url":"https:\/\/nativainfo.com\/","logo":{"@type":"ImageObject","inLanguage":"es-AR","@id":"https:\/\/nativainfo.com\/#\/schema\/logo\/image\/","url":"https:\/\/nativainfo.com\/wp-content\/uploads\/2025\/08\/LOGO-NATIVA-FACE.jpg","contentUrl":"https:\/\/nativainfo.com\/wp-content\/uploads\/2025\/08\/LOGO-NATIVA-FACE.jpg","width":400,"height":400,"caption":"Nativa Info"},"image":{"@id":"https:\/\/nativainfo.com\/#\/schema\/logo\/image\/"},"sameAs":["https:\/\/www.facebook.com\/profile.php?id=61578881597564"]},{"@type":"Person","@id":"https:\/\/nativainfo.com\/#\/schema\/person\/24893b64a9cd564ddb5d102d36eb4b5c","name":"Nativa Info","image":{"@type":"ImageObject","inLanguage":"es-AR","@id":"https:\/\/nativainfo.com\/#\/schema\/person\/image\/","url":"https:\/\/secure.gravatar.com\/avatar\/016fa1cf068d85136d938e1507b9b619cb766e2565cbb1faa1e571762460c785?s=96&d=mm&r=g","contentUrl":"https:\/\/secure.gravatar.com\/avatar\/016fa1cf068d85136d938e1507b9b619cb766e2565cbb1faa1e571762460c785?s=96&d=mm&r=g","caption":"Nativa Info"},"sameAs":["http:\/\/nativainfo.com"],"url":"https:\/\/nativainfo.com\/?author=1"}]}},"jetpack_publicize_connections":[],"_links":{"self":[{"href":"https:\/\/nativainfo.com\/index.php?rest_route=\/wp\/v2\/posts\/1055","targetHints":{"allow":["GET"]}}],"collection":[{"href":"https:\/\/nativainfo.com\/index.php?rest_route=\/wp\/v2\/posts"}],"about":[{"href":"https:\/\/nativainfo.com\/index.php?rest_route=\/wp\/v2\/types\/post"}],"author":[{"embeddable":true,"href":"https:\/\/nativainfo.com\/index.php?rest_route=\/wp\/v2\/users\/1"}],"replies":[{"embeddable":true,"href":"https:\/\/nativainfo.com\/index.php?rest_route=%2Fwp%2Fv2%2Fcomments&post=1055"}],"version-history":[{"count":1,"href":"https:\/\/nativainfo.com\/index.php?rest_route=\/wp\/v2\/posts\/1055\/revisions"}],"predecessor-version":[{"id":1057,"href":"https:\/\/nativainfo.com\/index.php?rest_route=\/wp\/v2\/posts\/1055\/revisions\/1057"}],"wp:attachment":[{"href":"https:\/\/nativainfo.com\/index.php?rest_route=%2Fwp%2Fv2%2Fmedia&parent=1055"}],"wp:term":[{"taxonomy":"category","embeddable":true,"href":"https:\/\/nativainfo.com\/index.php?rest_route=%2Fwp%2Fv2%2Fcategories&post=1055"},{"taxonomy":"post_tag","embeddable":true,"href":"https:\/\/nativainfo.com\/index.php?rest_route=%2Fwp%2Fv2%2Ftags&post=1055"}],"curies":[{"name":"wp","href":"https:\/\/api.w.org\/{rel}","templated":true}]}}