{"id":1052,"date":"2020-12-13T14:32:24","date_gmt":"2020-12-13T17:32:24","guid":{"rendered":"http:\/\/nativainfo.com\/?p=1052"},"modified":"2020-12-13T14:32:24","modified_gmt":"2020-12-13T17:32:24","slug":"el-debut-del-mago-facundo-campazzo-en-la-pretemporada-de-denver-nuggets","status":"publish","type":"post","link":"https:\/\/nativainfo.com\/?p=1052","title":{"rendered":"El debut del &#8220;Mago&#8221; Facundo Campazzo en la pretemporada de Denver Nuggets"},"content":{"rendered":"\n<p>Y un d\u00eda,\u00a0<strong>Facundo Campazzo<\/strong>\u00a0cumpli\u00f3  un sue\u00f1o de a\u00f1os: debutar en un equipo de\u00a0<strong>NBA.<\/strong>\u00a0<\/p>\n\n\n\n<figure class=\"wp-block-image size-large\"><img fetchpriority=\"high\" decoding=\"async\" width=\"1024\" height=\"576\" src=\"http:\/\/nativainfo.com\/wp-content\/uploads\/2020\/12\/Campazzo-Denver-1024x576.jpg\" alt=\"\" class=\"wp-image-1053\" srcset=\"https:\/\/nativainfo.com\/wp-content\/uploads\/2020\/12\/Campazzo-Denver-1024x576.jpg 1024w, https:\/\/nativainfo.com\/wp-content\/uploads\/2020\/12\/Campazzo-Denver-300x169.jpg 300w, https:\/\/nativainfo.com\/wp-content\/uploads\/2020\/12\/Campazzo-Denver-768x432.jpg 768w, https:\/\/nativainfo.com\/wp-content\/uploads\/2020\/12\/Campazzo-Denver-1536x864.jpg 1536w, https:\/\/nativainfo.com\/wp-content\/uploads\/2020\/12\/Campazzo-Denver-622x350.jpg 622w, https:\/\/nativainfo.com\/wp-content\/uploads\/2020\/12\/Campazzo-Denver-150x84.jpg 150w, https:\/\/nativainfo.com\/wp-content\/uploads\/2020\/12\/Campazzo-Denver.jpg 1920w\" sizes=\"(max-width: 1024px) 100vw, 1024px\" \/><\/figure>\n\n\n\n<p>El argentino jug\u00f3\u00a0<strong>24 minutos<\/strong>\u00a0y 12 segundos y redonde\u00f3 una buena planilla:\u00a0<strong>8 puntos,<\/strong>\u00a02 de 3 en dobles, 1 de 3 en triples (el aro est\u00e1 m\u00e1s lejos que en el b\u00e1squetbol de FIBA), 1 de 2 en libres,\u00a0<strong>3 asistencias,<\/strong>\u00a01 rebote y 1 robo, contra 3 p\u00e9rdidas, 3 faltas y -6 en diferencia de tantos de su equipo mientras \u00e9l estuvo en la cancha.\u00a0<\/p>\n\n\n\n<p>Facundo comenz\u00f3 la noche dispuesto a divertirse:\u00a0<strong>en el calentamiento previo volc\u00f3 una pelota a pesar de su estatura,<\/strong>\u00a0y lo festej\u00f3 simulando un festejo soberbio y con un pechazo con\u00a0<strong>Jamal Murray,<\/strong>\u00a0un eventual competidor por el puesto de base titular del conjunto de Colorado. Uno de los periodistas de la transmisi\u00f3n televisiva se refiri\u00f3 a \u00e9l como\u00a0<strong>&#8220;The Magician&#8221;, &#8220;El Mago&#8221;,<\/strong> debido a sus sorpresivos pases\u00a0y sostuvo que la contrataci\u00f3n al argentino era &#8220;premium&#8221;. De inmediato, la televisi\u00f3n mostr\u00f3 una serie de asistencias suyas en Real Madrid.<\/p>\n\n\n\n<p>Fuente: La Naci\u00f3n <\/p>\n","protected":false},"excerpt":{"rendered":"<p>Y un d\u00eda,\u00a0Facundo Campazzo\u00a0cumpli\u00f3 un sue\u00f1o de a\u00f1os: debutar en un equipo de\u00a0NBA.\u00a0 El argentino jug\u00f3\u00a024 minutos\u00a0y 12 segundos y&#8230; <a class=\"continue-reading-link\" href=\"https:\/\/nativainfo.com\/?p=1052\">Continue reading<\/a><\/p>\n","protected":false},"author":1,"featured_media":0,"comment_status":"open","ping_status":"open","sticky":false,"template":"","format":"standard","meta":{"rop_custom_images_group":[],"rop_custom_messages_group":[],"rop_publish_now":"initial","rop_publish_now_accounts":[],"rop_publish_now_history":[],"rop_publish_now_status":"pending","footnotes":"","jetpack_publicize_message":"","jetpack_publicize_feature_enabled":true,"jetpack_social_post_already_shared":false,"jetpack_social_options":{"image_generator_settings":{"template":"highway","default_image_id":0,"font":"","enabled":false},"version":2}},"categories":[45,10,32],"tags":[],"class_list":["post-1052","post","type-post","status-publish","format-standard","hentry","category-basquet-2","category-deportes","category-nba"],"yoast_head":"<!-- This site is optimized with the Yoast SEO plugin v25.6 - https:\/\/yoast.com\/wordpress\/plugins\/seo\/ -->\n<title>El debut del &quot;Mago&quot; Facundo Campazzo en la pretemporada de Denver Nuggets - Nativa Info<\/title>\n<meta name=\"robots\" content=\"index, follow, max-snippet:-1, max-image-preview:large, max-video-preview:-1\" \/>\n<link rel=\"canonical\" href=\"https:\/\/nativainfo.com\/?p=1052\" \/>\n<meta property=\"og:locale\" content=\"es_ES\" \/>\n<meta property=\"og:type\" content=\"article\" \/>\n<meta property=\"og:title\" content=\"El debut del &quot;Mago&quot; Facundo Campazzo en la pretemporada de Denver Nuggets - Nativa Info\" \/>\n<meta property=\"og:description\" content=\"Y un d\u00eda,\u00a0Facundo Campazzo\u00a0cumpli\u00f3 un sue\u00f1o de a\u00f1os: debutar en un equipo de\u00a0NBA.\u00a0 El argentino jug\u00f3\u00a024 minutos\u00a0y 12 segundos y... Continue reading\" \/>\n<meta property=\"og:url\" content=\"https:\/\/nativainfo.com\/?p=1052\" \/>\n<meta property=\"og:site_name\" content=\"Nativa Info\" \/>\n<meta property=\"article:publisher\" content=\"https:\/\/www.facebook.com\/profile.php?id=61578881597564\" \/>\n<meta property=\"article:published_time\" content=\"2020-12-13T17:32:24+00:00\" \/>\n<meta property=\"og:image\" content=\"http:\/\/nativainfo.com\/wp-content\/uploads\/2020\/12\/Campazzo-Denver-1024x576.jpg\" \/>\n<meta name=\"author\" content=\"Nativa Info\" \/>\n<meta name=\"twitter:card\" content=\"summary_large_image\" \/>\n<meta name=\"twitter:label1\" content=\"Escrito por\" \/>\n\t<meta name=\"twitter:data1\" content=\"Nativa Info\" \/>\n\t<meta name=\"twitter:label2\" content=\"Tiempo de lectura\" \/>\n\t<meta name=\"twitter:data2\" content=\"1 minuto\" \/>\n<script type=\"application\/ld+json\" class=\"yoast-schema-graph\">{\"@context\":\"https:\/\/schema.org\",\"@graph\":[{\"@type\":\"Article\",\"@id\":\"https:\/\/nativainfo.com\/?p=1052#article\",\"isPartOf\":{\"@id\":\"https:\/\/nativainfo.com\/?p=1052\"},\"author\":{\"name\":\"Nativa Info\",\"@id\":\"https:\/\/nativainfo.com\/#\/schema\/person\/24893b64a9cd564ddb5d102d36eb4b5c\"},\"headline\":\"El debut del &#8220;Mago&#8221; Facundo Campazzo en la pretemporada de Denver Nuggets\",\"datePublished\":\"2020-12-13T17:32:24+00:00\",\"mainEntityOfPage\":{\"@id\":\"https:\/\/nativainfo.com\/?p=1052\"},\"wordCount\":185,\"commentCount\":0,\"publisher\":{\"@id\":\"https:\/\/nativainfo.com\/#organization\"},\"image\":{\"@id\":\"https:\/\/nativainfo.com\/?p=1052#primaryimage\"},\"thumbnailUrl\":\"http:\/\/nativainfo.com\/wp-content\/uploads\/2020\/12\/Campazzo-Denver-1024x576.jpg\",\"articleSection\":[\"B\u00e1squet\",\"Deportes\",\"NBA\"],\"inLanguage\":\"es-AR\",\"potentialAction\":[{\"@type\":\"CommentAction\",\"name\":\"Comment\",\"target\":[\"https:\/\/nativainfo.com\/?p=1052#respond\"]}]},{\"@type\":\"WebPage\",\"@id\":\"https:\/\/nativainfo.com\/?p=1052\",\"url\":\"https:\/\/nativainfo.com\/?p=1052\",\"name\":\"El debut del \\\"Mago\\\" Facundo Campazzo en la pretemporada de Denver Nuggets - Nativa Info\",\"isPartOf\":{\"@id\":\"https:\/\/nativainfo.com\/#website\"},\"primaryImageOfPage\":{\"@id\":\"https:\/\/nativainfo.com\/?p=1052#primaryimage\"},\"image\":{\"@id\":\"https:\/\/nativainfo.com\/?p=1052#primaryimage\"},\"thumbnailUrl\":\"http:\/\/nativainfo.com\/wp-content\/uploads\/2020\/12\/Campazzo-Denver-1024x576.jpg\",\"datePublished\":\"2020-12-13T17:32:24+00:00\",\"breadcrumb\":{\"@id\":\"https:\/\/nativainfo.com\/?p=1052#breadcrumb\"},\"inLanguage\":\"es-AR\",\"potentialAction\":[{\"@type\":\"ReadAction\",\"target\":[\"https:\/\/nativainfo.com\/?p=1052\"]}]},{\"@type\":\"ImageObject\",\"inLanguage\":\"es-AR\",\"@id\":\"https:\/\/nativainfo.com\/?p=1052#primaryimage\",\"url\":\"https:\/\/nativainfo.com\/wp-content\/uploads\/2020\/12\/Campazzo-Denver.jpg\",\"contentUrl\":\"https:\/\/nativainfo.com\/wp-content\/uploads\/2020\/12\/Campazzo-Denver.jpg\",\"width\":1920,\"height\":1080},{\"@type\":\"BreadcrumbList\",\"@id\":\"https:\/\/nativainfo.com\/?p=1052#breadcrumb\",\"itemListElement\":[{\"@type\":\"ListItem\",\"position\":1,\"name\":\"Inicio\",\"item\":\"https:\/\/nativainfo.com\/\"},{\"@type\":\"ListItem\",\"position\":2,\"name\":\"El debut del &#8220;Mago&#8221; Facundo Campazzo en la pretemporada de Denver Nuggets\"}]},{\"@type\":\"WebSite\",\"@id\":\"https:\/\/nativainfo.com\/#website\",\"url\":\"https:\/\/nativainfo.com\/\",\"name\":\"Nativa Info\",\"description\":\"Diario Digital\",\"publisher\":{\"@id\":\"https:\/\/nativainfo.com\/#organization\"},\"potentialAction\":[{\"@type\":\"SearchAction\",\"target\":{\"@type\":\"EntryPoint\",\"urlTemplate\":\"https:\/\/nativainfo.com\/?s={search_term_string}\"},\"query-input\":{\"@type\":\"PropertyValueSpecification\",\"valueRequired\":true,\"valueName\":\"search_term_string\"}}],\"inLanguage\":\"es-AR\"},{\"@type\":\"Organization\",\"@id\":\"https:\/\/nativainfo.com\/#organization\",\"name\":\"Nativa Info\",\"url\":\"https:\/\/nativainfo.com\/\",\"logo\":{\"@type\":\"ImageObject\",\"inLanguage\":\"es-AR\",\"@id\":\"https:\/\/nativainfo.com\/#\/schema\/logo\/image\/\",\"url\":\"https:\/\/nativainfo.com\/wp-content\/uploads\/2025\/08\/LOGO-NATIVA-FACE.jpg\",\"contentUrl\":\"https:\/\/nativainfo.com\/wp-content\/uploads\/2025\/08\/LOGO-NATIVA-FACE.jpg\",\"width\":400,\"height\":400,\"caption\":\"Nativa Info\"},\"image\":{\"@id\":\"https:\/\/nativainfo.com\/#\/schema\/logo\/image\/\"},\"sameAs\":[\"https:\/\/www.facebook.com\/profile.php?id=61578881597564\"]},{\"@type\":\"Person\",\"@id\":\"https:\/\/nativainfo.com\/#\/schema\/person\/24893b64a9cd564ddb5d102d36eb4b5c\",\"name\":\"Nativa Info\",\"image\":{\"@type\":\"ImageObject\",\"inLanguage\":\"es-AR\",\"@id\":\"https:\/\/nativainfo.com\/#\/schema\/person\/image\/\",\"url\":\"https:\/\/secure.gravatar.com\/avatar\/016fa1cf068d85136d938e1507b9b619cb766e2565cbb1faa1e571762460c785?s=96&d=mm&r=g\",\"contentUrl\":\"https:\/\/secure.gravatar.com\/avatar\/016fa1cf068d85136d938e1507b9b619cb766e2565cbb1faa1e571762460c785?s=96&d=mm&r=g\",\"caption\":\"Nativa Info\"},\"sameAs\":[\"http:\/\/nativainfo.com\"],\"url\":\"https:\/\/nativainfo.com\/?author=1\"}]}<\/script>\n<!-- \/ Yoast SEO plugin. -->","yoast_head_json":{"title":"El debut del \"Mago\" Facundo Campazzo en la pretemporada de Denver Nuggets - Nativa Info","robots":{"index":"index","follow":"follow","max-snippet":"max-snippet:-1","max-image-preview":"max-image-preview:large","max-video-preview":"max-video-preview:-1"},"canonical":"https:\/\/nativainfo.com\/?p=1052","og_locale":"es_ES","og_type":"article","og_title":"El debut del \"Mago\" Facundo Campazzo en la pretemporada de Denver Nuggets - Nativa Info","og_description":"Y un d\u00eda,\u00a0Facundo Campazzo\u00a0cumpli\u00f3 un sue\u00f1o de a\u00f1os: debutar en un equipo de\u00a0NBA.\u00a0 El argentino jug\u00f3\u00a024 minutos\u00a0y 12 segundos y... Continue reading","og_url":"https:\/\/nativainfo.com\/?p=1052","og_site_name":"Nativa Info","article_publisher":"https:\/\/www.facebook.com\/profile.php?id=61578881597564","article_published_time":"2020-12-13T17:32:24+00:00","og_image":[{"url":"http:\/\/nativainfo.com\/wp-content\/uploads\/2020\/12\/Campazzo-Denver-1024x576.jpg","type":"","width":"","height":""}],"author":"Nativa Info","twitter_card":"summary_large_image","twitter_misc":{"Escrito por":"Nativa Info","Tiempo de lectura":"1 minuto"},"schema":{"@context":"https:\/\/schema.org","@graph":[{"@type":"Article","@id":"https:\/\/nativainfo.com\/?p=1052#article","isPartOf":{"@id":"https:\/\/nativainfo.com\/?p=1052"},"author":{"name":"Nativa Info","@id":"https:\/\/nativainfo.com\/#\/schema\/person\/24893b64a9cd564ddb5d102d36eb4b5c"},"headline":"El debut del &#8220;Mago&#8221; Facundo Campazzo en la pretemporada de Denver Nuggets","datePublished":"2020-12-13T17:32:24+00:00","mainEntityOfPage":{"@id":"https:\/\/nativainfo.com\/?p=1052"},"wordCount":185,"commentCount":0,"publisher":{"@id":"https:\/\/nativainfo.com\/#organization"},"image":{"@id":"https:\/\/nativainfo.com\/?p=1052#primaryimage"},"thumbnailUrl":"http:\/\/nativainfo.com\/wp-content\/uploads\/2020\/12\/Campazzo-Denver-1024x576.jpg","articleSection":["B\u00e1squet","Deportes","NBA"],"inLanguage":"es-AR","potentialAction":[{"@type":"CommentAction","name":"Comment","target":["https:\/\/nativainfo.com\/?p=1052#respond"]}]},{"@type":"WebPage","@id":"https:\/\/nativainfo.com\/?p=1052","url":"https:\/\/nativainfo.com\/?p=1052","name":"El debut del \"Mago\" Facundo Campazzo en la pretemporada de Denver Nuggets - Nativa Info","isPartOf":{"@id":"https:\/\/nativainfo.com\/#website"},"primaryImageOfPage":{"@id":"https:\/\/nativainfo.com\/?p=1052#primaryimage"},"image":{"@id":"https:\/\/nativainfo.com\/?p=1052#primaryimage"},"thumbnailUrl":"http:\/\/nativainfo.com\/wp-content\/uploads\/2020\/12\/Campazzo-Denver-1024x576.jpg","datePublished":"2020-12-13T17:32:24+00:00","breadcrumb":{"@id":"https:\/\/nativainfo.com\/?p=1052#breadcrumb"},"inLanguage":"es-AR","potentialAction":[{"@type":"ReadAction","target":["https:\/\/nativainfo.com\/?p=1052"]}]},{"@type":"ImageObject","inLanguage":"es-AR","@id":"https:\/\/nativainfo.com\/?p=1052#primaryimage","url":"https:\/\/nativainfo.com\/wp-content\/uploads\/2020\/12\/Campazzo-Denver.jpg","contentUrl":"https:\/\/nativainfo.com\/wp-content\/uploads\/2020\/12\/Campazzo-Denver.jpg","width":1920,"height":1080},{"@type":"BreadcrumbList","@id":"https:\/\/nativainfo.com\/?p=1052#breadcrumb","itemListElement":[{"@type":"ListItem","position":1,"name":"Inicio","item":"https:\/\/nativainfo.com\/"},{"@type":"ListItem","position":2,"name":"El debut del &#8220;Mago&#8221; Facundo Campazzo en la pretemporada de Denver Nuggets"}]},{"@type":"WebSite","@id":"https:\/\/nativainfo.com\/#website","url":"https:\/\/nativainfo.com\/","name":"Nativa Info","description":"Diario Digital","publisher":{"@id":"https:\/\/nativainfo.com\/#organization"},"potentialAction":[{"@type":"SearchAction","target":{"@type":"EntryPoint","urlTemplate":"https:\/\/nativainfo.com\/?s={search_term_string}"},"query-input":{"@type":"PropertyValueSpecification","valueRequired":true,"valueName":"search_term_string"}}],"inLanguage":"es-AR"},{"@type":"Organization","@id":"https:\/\/nativainfo.com\/#organization","name":"Nativa Info","url":"https:\/\/nativainfo.com\/","logo":{"@type":"ImageObject","inLanguage":"es-AR","@id":"https:\/\/nativainfo.com\/#\/schema\/logo\/image\/","url":"https:\/\/nativainfo.com\/wp-content\/uploads\/2025\/08\/LOGO-NATIVA-FACE.jpg","contentUrl":"https:\/\/nativainfo.com\/wp-content\/uploads\/2025\/08\/LOGO-NATIVA-FACE.jpg","width":400,"height":400,"caption":"Nativa Info"},"image":{"@id":"https:\/\/nativainfo.com\/#\/schema\/logo\/image\/"},"sameAs":["https:\/\/www.facebook.com\/profile.php?id=61578881597564"]},{"@type":"Person","@id":"https:\/\/nativainfo.com\/#\/schema\/person\/24893b64a9cd564ddb5d102d36eb4b5c","name":"Nativa Info","image":{"@type":"ImageObject","inLanguage":"es-AR","@id":"https:\/\/nativainfo.com\/#\/schema\/person\/image\/","url":"https:\/\/secure.gravatar.com\/avatar\/016fa1cf068d85136d938e1507b9b619cb766e2565cbb1faa1e571762460c785?s=96&d=mm&r=g","contentUrl":"https:\/\/secure.gravatar.com\/avatar\/016fa1cf068d85136d938e1507b9b619cb766e2565cbb1faa1e571762460c785?s=96&d=mm&r=g","caption":"Nativa Info"},"sameAs":["http:\/\/nativainfo.com"],"url":"https:\/\/nativainfo.com\/?author=1"}]}},"jetpack_publicize_connections":[],"_links":{"self":[{"href":"https:\/\/nativainfo.com\/index.php?rest_route=\/wp\/v2\/posts\/1052","targetHints":{"allow":["GET"]}}],"collection":[{"href":"https:\/\/nativainfo.com\/index.php?rest_route=\/wp\/v2\/posts"}],"about":[{"href":"https:\/\/nativainfo.com\/index.php?rest_route=\/wp\/v2\/types\/post"}],"author":[{"embeddable":true,"href":"https:\/\/nativainfo.com\/index.php?rest_route=\/wp\/v2\/users\/1"}],"replies":[{"embeddable":true,"href":"https:\/\/nativainfo.com\/index.php?rest_route=%2Fwp%2Fv2%2Fcomments&post=1052"}],"version-history":[{"count":1,"href":"https:\/\/nativainfo.com\/index.php?rest_route=\/wp\/v2\/posts\/1052\/revisions"}],"predecessor-version":[{"id":1054,"href":"https:\/\/nativainfo.com\/index.php?rest_route=\/wp\/v2\/posts\/1052\/revisions\/1054"}],"wp:attachment":[{"href":"https:\/\/nativainfo.com\/index.php?rest_route=%2Fwp%2Fv2%2Fmedia&parent=1052"}],"wp:term":[{"taxonomy":"category","embeddable":true,"href":"https:\/\/nativainfo.com\/index.php?rest_route=%2Fwp%2Fv2%2Fcategories&post=1052"},{"taxonomy":"post_tag","embeddable":true,"href":"https:\/\/nativainfo.com\/index.php?rest_route=%2Fwp%2Fv2%2Ftags&post=1052"}],"curies":[{"name":"wp","href":"https:\/\/api.w.org\/{rel}","templated":true}]}}