{"id":1022,"date":"2020-12-06T00:19:22","date_gmt":"2020-12-06T03:19:22","guid":{"rendered":"http:\/\/nativainfo.com\/?p=1022"},"modified":"2020-12-06T00:19:22","modified_gmt":"2020-12-06T03:19:22","slug":"amplian-el-horario-hasta-las-2-vuelve-el-futbol-5-y-anuncian-mas-flexibilizaciones","status":"publish","type":"post","link":"https:\/\/nativainfo.com\/?p=1022","title":{"rendered":"Ampl\u00edan el horario hasta las 2, vuelve el f\u00fatbol 5 y anuncian m\u00e1s flexibilizaciones"},"content":{"rendered":"\n<p>Como viene sucediendo todos los fines de semana, el&nbsp;<strong>Comit\u00e9 de Emergencia de Santiago del Estero<\/strong>&nbsp;se reuni\u00f3 este s\u00e1bado para determinar c\u00f3mo continuar\u00e1 la fase del DISPO (Distanciamiento Social, Preventivo y Obligatorio).&nbsp;<\/p>\n\n\n\n<figure class=\"wp-block-image size-large\"><img fetchpriority=\"high\" decoding=\"async\" width=\"715\" height=\"402\" src=\"http:\/\/nativainfo.com\/wp-content\/uploads\/2020\/12\/715x402_futbol-5-368537-225326.jpg\" alt=\"\" class=\"wp-image-1023\" srcset=\"https:\/\/nativainfo.com\/wp-content\/uploads\/2020\/12\/715x402_futbol-5-368537-225326.jpg 715w, https:\/\/nativainfo.com\/wp-content\/uploads\/2020\/12\/715x402_futbol-5-368537-225326-300x169.jpg 300w, https:\/\/nativainfo.com\/wp-content\/uploads\/2020\/12\/715x402_futbol-5-368537-225326-623x350.jpg 623w, https:\/\/nativainfo.com\/wp-content\/uploads\/2020\/12\/715x402_futbol-5-368537-225326-150x84.jpg 150w\" sizes=\"(max-width: 715px) 100vw, 715px\" \/><\/figure>\n\n\n\n<p>En la oportunidad se anunciaron numerosas flexibilizaciones en la provincia. Entre ellas, la&nbsp;<strong>extensi\u00f3n del horario de circulaci\u00f3n hasta las 2 de la ma\u00f1ana<\/strong>&nbsp;todos los d\u00edas desde el pr\u00f3ximo lunes; el permiso para hacer&nbsp;<strong>reuniones familiares de hasta 12 personas<\/strong>; y la habilitaci\u00f3n de la pr\u00e1ctica de&nbsp;<strong>f\u00fatbol 5<\/strong>.<\/p>\n\n\n\n<p>Por otro lado, para las fiestas de\u00a0<strong>Navidad y A\u00f1o Nuevo<\/strong>\u00a0se podr\u00e1\u00a0<strong>circular durante las 24 horas<\/strong>\u00a0y se ampliar\u00e1n las\u00a0<strong>reuniones familiares hasta 20 personas<\/strong>.<\/p>\n\n\n\n<p>Fuente: DiarioPanorama<\/p>\n","protected":false},"excerpt":{"rendered":"<p>Como viene sucediendo todos los fines de semana, el&nbsp;Comit\u00e9 de Emergencia de Santiago del Estero&nbsp;se reuni\u00f3 este s\u00e1bado para determinar&#8230; <a class=\"continue-reading-link\" href=\"https:\/\/nativainfo.com\/?p=1022\">Continue reading<\/a><\/p>\n","protected":false},"author":1,"featured_media":0,"comment_status":"open","ping_status":"open","sticky":false,"template":"","format":"standard","meta":{"rop_custom_images_group":[],"rop_custom_messages_group":[],"rop_publish_now":"initial","rop_publish_now_accounts":[],"rop_publish_now_history":[],"rop_publish_now_status":"pending","footnotes":"","jetpack_publicize_message":"","jetpack_publicize_feature_enabled":true,"jetpack_social_post_already_shared":false,"jetpack_social_options":{"image_generator_settings":{"template":"highway","default_image_id":0,"font":"","enabled":false},"version":2}},"categories":[53,12],"tags":[],"class_list":["post-1022","post","type-post","status-publish","format-standard","hentry","category-nuevas-medidas","category-provincia"],"yoast_head":"<!-- This site is optimized with the Yoast SEO plugin v25.6 - https:\/\/yoast.com\/wordpress\/plugins\/seo\/ -->\n<title>Ampl\u00edan el horario hasta las 2, vuelve el f\u00fatbol 5 y anuncian m\u00e1s flexibilizaciones - Nativa Info<\/title>\n<meta name=\"robots\" content=\"index, follow, max-snippet:-1, max-image-preview:large, max-video-preview:-1\" \/>\n<link rel=\"canonical\" href=\"https:\/\/nativainfo.com\/?p=1022\" \/>\n<meta property=\"og:locale\" content=\"es_ES\" \/>\n<meta property=\"og:type\" content=\"article\" \/>\n<meta property=\"og:title\" content=\"Ampl\u00edan el horario hasta las 2, vuelve el f\u00fatbol 5 y anuncian m\u00e1s flexibilizaciones - Nativa Info\" \/>\n<meta property=\"og:description\" content=\"Como viene sucediendo todos los fines de semana, el&nbsp;Comit\u00e9 de Emergencia de Santiago del Estero&nbsp;se reuni\u00f3 este s\u00e1bado para determinar... Continue reading\" \/>\n<meta property=\"og:url\" content=\"https:\/\/nativainfo.com\/?p=1022\" \/>\n<meta property=\"og:site_name\" content=\"Nativa Info\" \/>\n<meta property=\"article:publisher\" content=\"https:\/\/www.facebook.com\/profile.php?id=61578881597564\" \/>\n<meta property=\"article:published_time\" content=\"2020-12-06T03:19:22+00:00\" \/>\n<meta property=\"og:image\" content=\"http:\/\/nativainfo.com\/wp-content\/uploads\/2020\/12\/715x402_futbol-5-368537-225326.jpg\" \/>\n<meta name=\"author\" content=\"Nativa Info\" \/>\n<meta name=\"twitter:card\" content=\"summary_large_image\" \/>\n<meta name=\"twitter:label1\" content=\"Escrito por\" \/>\n\t<meta name=\"twitter:data1\" content=\"Nativa Info\" \/>\n\t<meta name=\"twitter:label2\" content=\"Tiempo de lectura\" \/>\n\t<meta name=\"twitter:data2\" content=\"1 minuto\" \/>\n<script type=\"application\/ld+json\" class=\"yoast-schema-graph\">{\"@context\":\"https:\/\/schema.org\",\"@graph\":[{\"@type\":\"Article\",\"@id\":\"https:\/\/nativainfo.com\/?p=1022#article\",\"isPartOf\":{\"@id\":\"https:\/\/nativainfo.com\/?p=1022\"},\"author\":{\"name\":\"Nativa Info\",\"@id\":\"https:\/\/nativainfo.com\/#\/schema\/person\/24893b64a9cd564ddb5d102d36eb4b5c\"},\"headline\":\"Ampl\u00edan el horario hasta las 2, vuelve el f\u00fatbol 5 y anuncian m\u00e1s flexibilizaciones\",\"datePublished\":\"2020-12-06T03:19:22+00:00\",\"mainEntityOfPage\":{\"@id\":\"https:\/\/nativainfo.com\/?p=1022\"},\"wordCount\":141,\"commentCount\":0,\"publisher\":{\"@id\":\"https:\/\/nativainfo.com\/#organization\"},\"image\":{\"@id\":\"https:\/\/nativainfo.com\/?p=1022#primaryimage\"},\"thumbnailUrl\":\"http:\/\/nativainfo.com\/wp-content\/uploads\/2020\/12\/715x402_futbol-5-368537-225326.jpg\",\"articleSection\":[\"Nuevas Medidas\",\"Provincia\"],\"inLanguage\":\"es-AR\",\"potentialAction\":[{\"@type\":\"CommentAction\",\"name\":\"Comment\",\"target\":[\"https:\/\/nativainfo.com\/?p=1022#respond\"]}]},{\"@type\":\"WebPage\",\"@id\":\"https:\/\/nativainfo.com\/?p=1022\",\"url\":\"https:\/\/nativainfo.com\/?p=1022\",\"name\":\"Ampl\u00edan el horario hasta las 2, vuelve el f\u00fatbol 5 y anuncian m\u00e1s flexibilizaciones - Nativa Info\",\"isPartOf\":{\"@id\":\"https:\/\/nativainfo.com\/#website\"},\"primaryImageOfPage\":{\"@id\":\"https:\/\/nativainfo.com\/?p=1022#primaryimage\"},\"image\":{\"@id\":\"https:\/\/nativainfo.com\/?p=1022#primaryimage\"},\"thumbnailUrl\":\"http:\/\/nativainfo.com\/wp-content\/uploads\/2020\/12\/715x402_futbol-5-368537-225326.jpg\",\"datePublished\":\"2020-12-06T03:19:22+00:00\",\"breadcrumb\":{\"@id\":\"https:\/\/nativainfo.com\/?p=1022#breadcrumb\"},\"inLanguage\":\"es-AR\",\"potentialAction\":[{\"@type\":\"ReadAction\",\"target\":[\"https:\/\/nativainfo.com\/?p=1022\"]}]},{\"@type\":\"ImageObject\",\"inLanguage\":\"es-AR\",\"@id\":\"https:\/\/nativainfo.com\/?p=1022#primaryimage\",\"url\":\"https:\/\/nativainfo.com\/wp-content\/uploads\/2020\/12\/715x402_futbol-5-368537-225326.jpg\",\"contentUrl\":\"https:\/\/nativainfo.com\/wp-content\/uploads\/2020\/12\/715x402_futbol-5-368537-225326.jpg\",\"width\":715,\"height\":402},{\"@type\":\"BreadcrumbList\",\"@id\":\"https:\/\/nativainfo.com\/?p=1022#breadcrumb\",\"itemListElement\":[{\"@type\":\"ListItem\",\"position\":1,\"name\":\"Inicio\",\"item\":\"https:\/\/nativainfo.com\/\"},{\"@type\":\"ListItem\",\"position\":2,\"name\":\"Ampl\u00edan el horario hasta las 2, vuelve el f\u00fatbol 5 y anuncian m\u00e1s flexibilizaciones\"}]},{\"@type\":\"WebSite\",\"@id\":\"https:\/\/nativainfo.com\/#website\",\"url\":\"https:\/\/nativainfo.com\/\",\"name\":\"Nativa Info\",\"description\":\"Diario Digital\",\"publisher\":{\"@id\":\"https:\/\/nativainfo.com\/#organization\"},\"potentialAction\":[{\"@type\":\"SearchAction\",\"target\":{\"@type\":\"EntryPoint\",\"urlTemplate\":\"https:\/\/nativainfo.com\/?s={search_term_string}\"},\"query-input\":{\"@type\":\"PropertyValueSpecification\",\"valueRequired\":true,\"valueName\":\"search_term_string\"}}],\"inLanguage\":\"es-AR\"},{\"@type\":\"Organization\",\"@id\":\"https:\/\/nativainfo.com\/#organization\",\"name\":\"Nativa Info\",\"url\":\"https:\/\/nativainfo.com\/\",\"logo\":{\"@type\":\"ImageObject\",\"inLanguage\":\"es-AR\",\"@id\":\"https:\/\/nativainfo.com\/#\/schema\/logo\/image\/\",\"url\":\"https:\/\/nativainfo.com\/wp-content\/uploads\/2025\/08\/LOGO-NATIVA-FACE.jpg\",\"contentUrl\":\"https:\/\/nativainfo.com\/wp-content\/uploads\/2025\/08\/LOGO-NATIVA-FACE.jpg\",\"width\":400,\"height\":400,\"caption\":\"Nativa Info\"},\"image\":{\"@id\":\"https:\/\/nativainfo.com\/#\/schema\/logo\/image\/\"},\"sameAs\":[\"https:\/\/www.facebook.com\/profile.php?id=61578881597564\"]},{\"@type\":\"Person\",\"@id\":\"https:\/\/nativainfo.com\/#\/schema\/person\/24893b64a9cd564ddb5d102d36eb4b5c\",\"name\":\"Nativa Info\",\"image\":{\"@type\":\"ImageObject\",\"inLanguage\":\"es-AR\",\"@id\":\"https:\/\/nativainfo.com\/#\/schema\/person\/image\/\",\"url\":\"https:\/\/secure.gravatar.com\/avatar\/016fa1cf068d85136d938e1507b9b619cb766e2565cbb1faa1e571762460c785?s=96&d=mm&r=g\",\"contentUrl\":\"https:\/\/secure.gravatar.com\/avatar\/016fa1cf068d85136d938e1507b9b619cb766e2565cbb1faa1e571762460c785?s=96&d=mm&r=g\",\"caption\":\"Nativa Info\"},\"sameAs\":[\"http:\/\/nativainfo.com\"],\"url\":\"https:\/\/nativainfo.com\/?author=1\"}]}<\/script>\n<!-- \/ Yoast SEO plugin. -->","yoast_head_json":{"title":"Ampl\u00edan el horario hasta las 2, vuelve el f\u00fatbol 5 y anuncian m\u00e1s flexibilizaciones - Nativa Info","robots":{"index":"index","follow":"follow","max-snippet":"max-snippet:-1","max-image-preview":"max-image-preview:large","max-video-preview":"max-video-preview:-1"},"canonical":"https:\/\/nativainfo.com\/?p=1022","og_locale":"es_ES","og_type":"article","og_title":"Ampl\u00edan el horario hasta las 2, vuelve el f\u00fatbol 5 y anuncian m\u00e1s flexibilizaciones - Nativa Info","og_description":"Como viene sucediendo todos los fines de semana, el&nbsp;Comit\u00e9 de Emergencia de Santiago del Estero&nbsp;se reuni\u00f3 este s\u00e1bado para determinar... Continue reading","og_url":"https:\/\/nativainfo.com\/?p=1022","og_site_name":"Nativa Info","article_publisher":"https:\/\/www.facebook.com\/profile.php?id=61578881597564","article_published_time":"2020-12-06T03:19:22+00:00","og_image":[{"url":"http:\/\/nativainfo.com\/wp-content\/uploads\/2020\/12\/715x402_futbol-5-368537-225326.jpg","type":"","width":"","height":""}],"author":"Nativa Info","twitter_card":"summary_large_image","twitter_misc":{"Escrito por":"Nativa Info","Tiempo de lectura":"1 minuto"},"schema":{"@context":"https:\/\/schema.org","@graph":[{"@type":"Article","@id":"https:\/\/nativainfo.com\/?p=1022#article","isPartOf":{"@id":"https:\/\/nativainfo.com\/?p=1022"},"author":{"name":"Nativa Info","@id":"https:\/\/nativainfo.com\/#\/schema\/person\/24893b64a9cd564ddb5d102d36eb4b5c"},"headline":"Ampl\u00edan el horario hasta las 2, vuelve el f\u00fatbol 5 y anuncian m\u00e1s flexibilizaciones","datePublished":"2020-12-06T03:19:22+00:00","mainEntityOfPage":{"@id":"https:\/\/nativainfo.com\/?p=1022"},"wordCount":141,"commentCount":0,"publisher":{"@id":"https:\/\/nativainfo.com\/#organization"},"image":{"@id":"https:\/\/nativainfo.com\/?p=1022#primaryimage"},"thumbnailUrl":"http:\/\/nativainfo.com\/wp-content\/uploads\/2020\/12\/715x402_futbol-5-368537-225326.jpg","articleSection":["Nuevas Medidas","Provincia"],"inLanguage":"es-AR","potentialAction":[{"@type":"CommentAction","name":"Comment","target":["https:\/\/nativainfo.com\/?p=1022#respond"]}]},{"@type":"WebPage","@id":"https:\/\/nativainfo.com\/?p=1022","url":"https:\/\/nativainfo.com\/?p=1022","name":"Ampl\u00edan el horario hasta las 2, vuelve el f\u00fatbol 5 y anuncian m\u00e1s flexibilizaciones - Nativa Info","isPartOf":{"@id":"https:\/\/nativainfo.com\/#website"},"primaryImageOfPage":{"@id":"https:\/\/nativainfo.com\/?p=1022#primaryimage"},"image":{"@id":"https:\/\/nativainfo.com\/?p=1022#primaryimage"},"thumbnailUrl":"http:\/\/nativainfo.com\/wp-content\/uploads\/2020\/12\/715x402_futbol-5-368537-225326.jpg","datePublished":"2020-12-06T03:19:22+00:00","breadcrumb":{"@id":"https:\/\/nativainfo.com\/?p=1022#breadcrumb"},"inLanguage":"es-AR","potentialAction":[{"@type":"ReadAction","target":["https:\/\/nativainfo.com\/?p=1022"]}]},{"@type":"ImageObject","inLanguage":"es-AR","@id":"https:\/\/nativainfo.com\/?p=1022#primaryimage","url":"https:\/\/nativainfo.com\/wp-content\/uploads\/2020\/12\/715x402_futbol-5-368537-225326.jpg","contentUrl":"https:\/\/nativainfo.com\/wp-content\/uploads\/2020\/12\/715x402_futbol-5-368537-225326.jpg","width":715,"height":402},{"@type":"BreadcrumbList","@id":"https:\/\/nativainfo.com\/?p=1022#breadcrumb","itemListElement":[{"@type":"ListItem","position":1,"name":"Inicio","item":"https:\/\/nativainfo.com\/"},{"@type":"ListItem","position":2,"name":"Ampl\u00edan el horario hasta las 2, vuelve el f\u00fatbol 5 y anuncian m\u00e1s flexibilizaciones"}]},{"@type":"WebSite","@id":"https:\/\/nativainfo.com\/#website","url":"https:\/\/nativainfo.com\/","name":"Nativa Info","description":"Diario Digital","publisher":{"@id":"https:\/\/nativainfo.com\/#organization"},"potentialAction":[{"@type":"SearchAction","target":{"@type":"EntryPoint","urlTemplate":"https:\/\/nativainfo.com\/?s={search_term_string}"},"query-input":{"@type":"PropertyValueSpecification","valueRequired":true,"valueName":"search_term_string"}}],"inLanguage":"es-AR"},{"@type":"Organization","@id":"https:\/\/nativainfo.com\/#organization","name":"Nativa Info","url":"https:\/\/nativainfo.com\/","logo":{"@type":"ImageObject","inLanguage":"es-AR","@id":"https:\/\/nativainfo.com\/#\/schema\/logo\/image\/","url":"https:\/\/nativainfo.com\/wp-content\/uploads\/2025\/08\/LOGO-NATIVA-FACE.jpg","contentUrl":"https:\/\/nativainfo.com\/wp-content\/uploads\/2025\/08\/LOGO-NATIVA-FACE.jpg","width":400,"height":400,"caption":"Nativa Info"},"image":{"@id":"https:\/\/nativainfo.com\/#\/schema\/logo\/image\/"},"sameAs":["https:\/\/www.facebook.com\/profile.php?id=61578881597564"]},{"@type":"Person","@id":"https:\/\/nativainfo.com\/#\/schema\/person\/24893b64a9cd564ddb5d102d36eb4b5c","name":"Nativa Info","image":{"@type":"ImageObject","inLanguage":"es-AR","@id":"https:\/\/nativainfo.com\/#\/schema\/person\/image\/","url":"https:\/\/secure.gravatar.com\/avatar\/016fa1cf068d85136d938e1507b9b619cb766e2565cbb1faa1e571762460c785?s=96&d=mm&r=g","contentUrl":"https:\/\/secure.gravatar.com\/avatar\/016fa1cf068d85136d938e1507b9b619cb766e2565cbb1faa1e571762460c785?s=96&d=mm&r=g","caption":"Nativa Info"},"sameAs":["http:\/\/nativainfo.com"],"url":"https:\/\/nativainfo.com\/?author=1"}]}},"jetpack_publicize_connections":[],"_links":{"self":[{"href":"https:\/\/nativainfo.com\/index.php?rest_route=\/wp\/v2\/posts\/1022","targetHints":{"allow":["GET"]}}],"collection":[{"href":"https:\/\/nativainfo.com\/index.php?rest_route=\/wp\/v2\/posts"}],"about":[{"href":"https:\/\/nativainfo.com\/index.php?rest_route=\/wp\/v2\/types\/post"}],"author":[{"embeddable":true,"href":"https:\/\/nativainfo.com\/index.php?rest_route=\/wp\/v2\/users\/1"}],"replies":[{"embeddable":true,"href":"https:\/\/nativainfo.com\/index.php?rest_route=%2Fwp%2Fv2%2Fcomments&post=1022"}],"version-history":[{"count":1,"href":"https:\/\/nativainfo.com\/index.php?rest_route=\/wp\/v2\/posts\/1022\/revisions"}],"predecessor-version":[{"id":1024,"href":"https:\/\/nativainfo.com\/index.php?rest_route=\/wp\/v2\/posts\/1022\/revisions\/1024"}],"wp:attachment":[{"href":"https:\/\/nativainfo.com\/index.php?rest_route=%2Fwp%2Fv2%2Fmedia&parent=1022"}],"wp:term":[{"taxonomy":"category","embeddable":true,"href":"https:\/\/nativainfo.com\/index.php?rest_route=%2Fwp%2Fv2%2Fcategories&post=1022"},{"taxonomy":"post_tag","embeddable":true,"href":"https:\/\/nativainfo.com\/index.php?rest_route=%2Fwp%2Fv2%2Ftags&post=1022"}],"curies":[{"name":"wp","href":"https:\/\/api.w.org\/{rel}","templated":true}]}}