{"id":1001,"date":"2020-11-29T15:21:01","date_gmt":"2020-11-29T18:21:01","guid":{"rendered":"http:\/\/nativainfo.com\/?p=1001"},"modified":"2020-11-29T15:21:01","modified_gmt":"2020-11-29T18:21:01","slug":"comunicado-de-la-subsecretaria-de-prensa-y-difusion","status":"publish","type":"post","link":"https:\/\/nativainfo.com\/?p=1001","title":{"rendered":"Comunicado de la Subsecretaria de Prensa y Difusi\u00f3n"},"content":{"rendered":"\n<p>En cuando a nuevas medidas se ha resuelto los siguiente:<\/p>\n\n\n\n<ul class=\"wp-block-list\"><li>1) se ampl\u00eda el horario de circulacion a partir del lunes 30\/11, el que ser\u00e1 desde las 7 hs a 24 hs. Todos los d\u00edas de la semana ( de lunes a domingo, feriados inclusive ) salvo los trabajadores y actividades esenciales autorizados en la p\u00e1gina del Circulando, para toda la provincia.              <\/li><li>2) Se levantan todas las restricciones de circulaci\u00f3n entre departamentos de nuestra provincia, manteni\u00e9ndose solo controles preventivos de detecci\u00f3n de casos. <\/li><li>3) Turismo: se recuerda que a partir del d\u00eda 4\/12 se habilita la actividad tur\u00edstica en nuestra provincia, tanto interna como nacional. Se informa que se acord\u00f3 a trav\u00e9s de un convenio con las provincias de Tucuman, Jujuy y Salta desde el d\u00eda 4\/12 la libre circulaci\u00f3n tur\u00edstica y con exigencias m\u00ednimas. Acuerdo al que se sumar\u00e1n las provincias de Catamarca y La Rioja desde el d\u00eda 14\/12. -Turistas del resto del pa\u00eds: ser\u00e1 con reserva hotelera y seguro m\u00e9dico.<\/li><li>4)Nuevas Actividades:-Quedar\u00e1n habilitadas desde el d\u00eda 4\/12 las siguientes actividades. * Museos* Actividades en Templos religiosos. * Actividades Teatrales y cines. * Institutos o academias de danzas ( no grupales)* Salas de Casinos sin Bingos. (Todas ellas con protocolos y al 50 % de la capacidad de los establecimientos)-Hoteles alojamiento (con protocolos)<\/li><li>5) Deportes (con protocolos, turnos, sin competencia y sin p\u00fablico)* Tenis &#8211; Paddel &#8211; Tiro deportivo &#8211; BMX &#8211; golf &#8211; equitaci\u00f3n &#8211; artes marciales ( practica individual, sin contacto, al 50 % de su capacidad) -Pat\u00edn ( sin contacto, practicas individuales)Nataci\u00f3n ( sin contacto )-Motocross-Pesca deportiva ( hasta 3 personas ).<\/li><li>6) Regreso a Casa ( con domicilio en la provincia )solo se exigir\u00e1 Declaraci\u00f3n Jurada.<\/li><li>7) Para ingreso de personas sin domicilio legal en la provincia. Se exigir\u00e1:* Autorizaci\u00f3n en la p\u00e1gina del circulando Nacional * Declaraci\u00f3n Jurada, APP \u201cCuidarSE\u201d<\/li><li>8) Vuelos de cabotaje desde el 4\/12, s\u00f3lo se exigir\u00e1 * Declaraci\u00f3n Jurada.<\/li><li>9) Se informa que a partir del d\u00eda 9\/12 , comenzar\u00e1 a funcionar el Transporte de colectivos interurbanos de media distancia provincial.<\/li><\/ul>\n","protected":false},"excerpt":{"rendered":"<p>En cuando a nuevas medidas se ha resuelto los siguiente: 1) se ampl\u00eda el horario de circulacion a partir del&#8230; <a class=\"continue-reading-link\" href=\"https:\/\/nativainfo.com\/?p=1001\">Continue reading<\/a><\/p>\n","protected":false},"author":1,"featured_media":0,"comment_status":"open","ping_status":"open","sticky":false,"template":"","format":"standard","meta":{"rop_custom_images_group":[],"rop_custom_messages_group":[],"rop_publish_now":"initial","rop_publish_now_accounts":[],"rop_publish_now_history":[],"rop_publish_now_status":"pending","footnotes":"","jetpack_publicize_message":"","jetpack_publicize_feature_enabled":true,"jetpack_social_post_already_shared":false,"jetpack_social_options":{"image_generator_settings":{"template":"highway","default_image_id":0,"font":"","enabled":false},"version":2}},"categories":[1],"tags":[],"class_list":["post-1001","post","type-post","status-publish","format-standard","hentry","category-uncategorized"],"yoast_head":"<!-- This site is optimized with the Yoast SEO plugin v25.6 - https:\/\/yoast.com\/wordpress\/plugins\/seo\/ -->\n<title>Comunicado de la Subsecretaria de Prensa y Difusi\u00f3n - Nativa Info<\/title>\n<meta name=\"robots\" content=\"index, follow, max-snippet:-1, max-image-preview:large, max-video-preview:-1\" \/>\n<link rel=\"canonical\" href=\"https:\/\/nativainfo.com\/?p=1001\" \/>\n<meta property=\"og:locale\" content=\"es_ES\" \/>\n<meta property=\"og:type\" content=\"article\" \/>\n<meta property=\"og:title\" content=\"Comunicado de la Subsecretaria de Prensa y Difusi\u00f3n - Nativa Info\" \/>\n<meta property=\"og:description\" content=\"En cuando a nuevas medidas se ha resuelto los siguiente: 1) se ampl\u00eda el horario de circulacion a partir del... Continue reading\" \/>\n<meta property=\"og:url\" content=\"https:\/\/nativainfo.com\/?p=1001\" \/>\n<meta property=\"og:site_name\" content=\"Nativa Info\" \/>\n<meta property=\"article:publisher\" content=\"https:\/\/www.facebook.com\/profile.php?id=61578881597564\" \/>\n<meta property=\"article:published_time\" content=\"2020-11-29T18:21:01+00:00\" \/>\n<meta name=\"author\" content=\"Nativa Info\" \/>\n<meta name=\"twitter:card\" content=\"summary_large_image\" \/>\n<meta name=\"twitter:label1\" content=\"Escrito por\" \/>\n\t<meta name=\"twitter:data1\" content=\"Nativa Info\" \/>\n\t<meta name=\"twitter:label2\" content=\"Tiempo de lectura\" \/>\n\t<meta name=\"twitter:data2\" content=\"2 minutos\" \/>\n<script type=\"application\/ld+json\" class=\"yoast-schema-graph\">{\"@context\":\"https:\/\/schema.org\",\"@graph\":[{\"@type\":\"Article\",\"@id\":\"https:\/\/nativainfo.com\/?p=1001#article\",\"isPartOf\":{\"@id\":\"https:\/\/nativainfo.com\/?p=1001\"},\"author\":{\"name\":\"Nativa Info\",\"@id\":\"https:\/\/nativainfo.com\/#\/schema\/person\/24893b64a9cd564ddb5d102d36eb4b5c\"},\"headline\":\"Comunicado de la Subsecretaria de Prensa y Difusi\u00f3n\",\"datePublished\":\"2020-11-29T18:21:01+00:00\",\"mainEntityOfPage\":{\"@id\":\"https:\/\/nativainfo.com\/?p=1001\"},\"wordCount\":347,\"commentCount\":0,\"publisher\":{\"@id\":\"https:\/\/nativainfo.com\/#organization\"},\"articleSection\":[\"Uncategorized\"],\"inLanguage\":\"es-AR\",\"potentialAction\":[{\"@type\":\"CommentAction\",\"name\":\"Comment\",\"target\":[\"https:\/\/nativainfo.com\/?p=1001#respond\"]}]},{\"@type\":\"WebPage\",\"@id\":\"https:\/\/nativainfo.com\/?p=1001\",\"url\":\"https:\/\/nativainfo.com\/?p=1001\",\"name\":\"Comunicado de la Subsecretaria de Prensa y Difusi\u00f3n - Nativa Info\",\"isPartOf\":{\"@id\":\"https:\/\/nativainfo.com\/#website\"},\"datePublished\":\"2020-11-29T18:21:01+00:00\",\"breadcrumb\":{\"@id\":\"https:\/\/nativainfo.com\/?p=1001#breadcrumb\"},\"inLanguage\":\"es-AR\",\"potentialAction\":[{\"@type\":\"ReadAction\",\"target\":[\"https:\/\/nativainfo.com\/?p=1001\"]}]},{\"@type\":\"BreadcrumbList\",\"@id\":\"https:\/\/nativainfo.com\/?p=1001#breadcrumb\",\"itemListElement\":[{\"@type\":\"ListItem\",\"position\":1,\"name\":\"Inicio\",\"item\":\"https:\/\/nativainfo.com\/\"},{\"@type\":\"ListItem\",\"position\":2,\"name\":\"Comunicado de la Subsecretaria de Prensa y Difusi\u00f3n\"}]},{\"@type\":\"WebSite\",\"@id\":\"https:\/\/nativainfo.com\/#website\",\"url\":\"https:\/\/nativainfo.com\/\",\"name\":\"Nativa Info\",\"description\":\"Diario Digital\",\"publisher\":{\"@id\":\"https:\/\/nativainfo.com\/#organization\"},\"potentialAction\":[{\"@type\":\"SearchAction\",\"target\":{\"@type\":\"EntryPoint\",\"urlTemplate\":\"https:\/\/nativainfo.com\/?s={search_term_string}\"},\"query-input\":{\"@type\":\"PropertyValueSpecification\",\"valueRequired\":true,\"valueName\":\"search_term_string\"}}],\"inLanguage\":\"es-AR\"},{\"@type\":\"Organization\",\"@id\":\"https:\/\/nativainfo.com\/#organization\",\"name\":\"Nativa Info\",\"url\":\"https:\/\/nativainfo.com\/\",\"logo\":{\"@type\":\"ImageObject\",\"inLanguage\":\"es-AR\",\"@id\":\"https:\/\/nativainfo.com\/#\/schema\/logo\/image\/\",\"url\":\"https:\/\/nativainfo.com\/wp-content\/uploads\/2025\/08\/LOGO-NATIVA-FACE.jpg\",\"contentUrl\":\"https:\/\/nativainfo.com\/wp-content\/uploads\/2025\/08\/LOGO-NATIVA-FACE.jpg\",\"width\":400,\"height\":400,\"caption\":\"Nativa Info\"},\"image\":{\"@id\":\"https:\/\/nativainfo.com\/#\/schema\/logo\/image\/\"},\"sameAs\":[\"https:\/\/www.facebook.com\/profile.php?id=61578881597564\"]},{\"@type\":\"Person\",\"@id\":\"https:\/\/nativainfo.com\/#\/schema\/person\/24893b64a9cd564ddb5d102d36eb4b5c\",\"name\":\"Nativa Info\",\"image\":{\"@type\":\"ImageObject\",\"inLanguage\":\"es-AR\",\"@id\":\"https:\/\/nativainfo.com\/#\/schema\/person\/image\/\",\"url\":\"https:\/\/secure.gravatar.com\/avatar\/016fa1cf068d85136d938e1507b9b619cb766e2565cbb1faa1e571762460c785?s=96&d=mm&r=g\",\"contentUrl\":\"https:\/\/secure.gravatar.com\/avatar\/016fa1cf068d85136d938e1507b9b619cb766e2565cbb1faa1e571762460c785?s=96&d=mm&r=g\",\"caption\":\"Nativa Info\"},\"sameAs\":[\"http:\/\/nativainfo.com\"],\"url\":\"https:\/\/nativainfo.com\/?author=1\"}]}<\/script>\n<!-- \/ Yoast SEO plugin. -->","yoast_head_json":{"title":"Comunicado de la Subsecretaria de Prensa y Difusi\u00f3n - Nativa Info","robots":{"index":"index","follow":"follow","max-snippet":"max-snippet:-1","max-image-preview":"max-image-preview:large","max-video-preview":"max-video-preview:-1"},"canonical":"https:\/\/nativainfo.com\/?p=1001","og_locale":"es_ES","og_type":"article","og_title":"Comunicado de la Subsecretaria de Prensa y Difusi\u00f3n - Nativa Info","og_description":"En cuando a nuevas medidas se ha resuelto los siguiente: 1) se ampl\u00eda el horario de circulacion a partir del... Continue reading","og_url":"https:\/\/nativainfo.com\/?p=1001","og_site_name":"Nativa Info","article_publisher":"https:\/\/www.facebook.com\/profile.php?id=61578881597564","article_published_time":"2020-11-29T18:21:01+00:00","author":"Nativa Info","twitter_card":"summary_large_image","twitter_misc":{"Escrito por":"Nativa Info","Tiempo de lectura":"2 minutos"},"schema":{"@context":"https:\/\/schema.org","@graph":[{"@type":"Article","@id":"https:\/\/nativainfo.com\/?p=1001#article","isPartOf":{"@id":"https:\/\/nativainfo.com\/?p=1001"},"author":{"name":"Nativa Info","@id":"https:\/\/nativainfo.com\/#\/schema\/person\/24893b64a9cd564ddb5d102d36eb4b5c"},"headline":"Comunicado de la Subsecretaria de Prensa y Difusi\u00f3n","datePublished":"2020-11-29T18:21:01+00:00","mainEntityOfPage":{"@id":"https:\/\/nativainfo.com\/?p=1001"},"wordCount":347,"commentCount":0,"publisher":{"@id":"https:\/\/nativainfo.com\/#organization"},"articleSection":["Uncategorized"],"inLanguage":"es-AR","potentialAction":[{"@type":"CommentAction","name":"Comment","target":["https:\/\/nativainfo.com\/?p=1001#respond"]}]},{"@type":"WebPage","@id":"https:\/\/nativainfo.com\/?p=1001","url":"https:\/\/nativainfo.com\/?p=1001","name":"Comunicado de la Subsecretaria de Prensa y Difusi\u00f3n - Nativa Info","isPartOf":{"@id":"https:\/\/nativainfo.com\/#website"},"datePublished":"2020-11-29T18:21:01+00:00","breadcrumb":{"@id":"https:\/\/nativainfo.com\/?p=1001#breadcrumb"},"inLanguage":"es-AR","potentialAction":[{"@type":"ReadAction","target":["https:\/\/nativainfo.com\/?p=1001"]}]},{"@type":"BreadcrumbList","@id":"https:\/\/nativainfo.com\/?p=1001#breadcrumb","itemListElement":[{"@type":"ListItem","position":1,"name":"Inicio","item":"https:\/\/nativainfo.com\/"},{"@type":"ListItem","position":2,"name":"Comunicado de la Subsecretaria de Prensa y Difusi\u00f3n"}]},{"@type":"WebSite","@id":"https:\/\/nativainfo.com\/#website","url":"https:\/\/nativainfo.com\/","name":"Nativa Info","description":"Diario Digital","publisher":{"@id":"https:\/\/nativainfo.com\/#organization"},"potentialAction":[{"@type":"SearchAction","target":{"@type":"EntryPoint","urlTemplate":"https:\/\/nativainfo.com\/?s={search_term_string}"},"query-input":{"@type":"PropertyValueSpecification","valueRequired":true,"valueName":"search_term_string"}}],"inLanguage":"es-AR"},{"@type":"Organization","@id":"https:\/\/nativainfo.com\/#organization","name":"Nativa Info","url":"https:\/\/nativainfo.com\/","logo":{"@type":"ImageObject","inLanguage":"es-AR","@id":"https:\/\/nativainfo.com\/#\/schema\/logo\/image\/","url":"https:\/\/nativainfo.com\/wp-content\/uploads\/2025\/08\/LOGO-NATIVA-FACE.jpg","contentUrl":"https:\/\/nativainfo.com\/wp-content\/uploads\/2025\/08\/LOGO-NATIVA-FACE.jpg","width":400,"height":400,"caption":"Nativa Info"},"image":{"@id":"https:\/\/nativainfo.com\/#\/schema\/logo\/image\/"},"sameAs":["https:\/\/www.facebook.com\/profile.php?id=61578881597564"]},{"@type":"Person","@id":"https:\/\/nativainfo.com\/#\/schema\/person\/24893b64a9cd564ddb5d102d36eb4b5c","name":"Nativa Info","image":{"@type":"ImageObject","inLanguage":"es-AR","@id":"https:\/\/nativainfo.com\/#\/schema\/person\/image\/","url":"https:\/\/secure.gravatar.com\/avatar\/016fa1cf068d85136d938e1507b9b619cb766e2565cbb1faa1e571762460c785?s=96&d=mm&r=g","contentUrl":"https:\/\/secure.gravatar.com\/avatar\/016fa1cf068d85136d938e1507b9b619cb766e2565cbb1faa1e571762460c785?s=96&d=mm&r=g","caption":"Nativa Info"},"sameAs":["http:\/\/nativainfo.com"],"url":"https:\/\/nativainfo.com\/?author=1"}]}},"jetpack_publicize_connections":[],"_links":{"self":[{"href":"https:\/\/nativainfo.com\/index.php?rest_route=\/wp\/v2\/posts\/1001","targetHints":{"allow":["GET"]}}],"collection":[{"href":"https:\/\/nativainfo.com\/index.php?rest_route=\/wp\/v2\/posts"}],"about":[{"href":"https:\/\/nativainfo.com\/index.php?rest_route=\/wp\/v2\/types\/post"}],"author":[{"embeddable":true,"href":"https:\/\/nativainfo.com\/index.php?rest_route=\/wp\/v2\/users\/1"}],"replies":[{"embeddable":true,"href":"https:\/\/nativainfo.com\/index.php?rest_route=%2Fwp%2Fv2%2Fcomments&post=1001"}],"version-history":[{"count":1,"href":"https:\/\/nativainfo.com\/index.php?rest_route=\/wp\/v2\/posts\/1001\/revisions"}],"predecessor-version":[{"id":1002,"href":"https:\/\/nativainfo.com\/index.php?rest_route=\/wp\/v2\/posts\/1001\/revisions\/1002"}],"wp:attachment":[{"href":"https:\/\/nativainfo.com\/index.php?rest_route=%2Fwp%2Fv2%2Fmedia&parent=1001"}],"wp:term":[{"taxonomy":"category","embeddable":true,"href":"https:\/\/nativainfo.com\/index.php?rest_route=%2Fwp%2Fv2%2Fcategories&post=1001"},{"taxonomy":"post_tag","embeddable":true,"href":"https:\/\/nativainfo.com\/index.php?rest_route=%2Fwp%2Fv2%2Ftags&post=1001"}],"curies":[{"name":"wp","href":"https:\/\/api.w.org\/{rel}","templated":true}]}}